{"id":9998,"date":"2019-12-14T19:34:54","date_gmt":"2019-12-14T22:34:54","guid":{"rendered":"http:\/\/2015.defensoriaformosa.gob.ar\/?p=9998"},"modified":"2019-12-14T19:34:54","modified_gmt":"2019-12-14T22:34:54","slug":"la-mayoria-de-los-grupos-familiares-formosenos-se-encuentran-endeudados-con-tarjetas-creditos-personales-prendarios-e-hipotecarios","status":"publish","type":"post","link":"https:\/\/defensoriaformosa.gob.ar\/?p=9998","title":{"rendered":"LA MAYORIA DE LOS GRUPOS FAMILIARES FORMOSE\u00d1OS SE ENCUENTRAN ENDEUDADOS CON TARJETAS, CREDITOS PERSONALES, PRENDARIOS E HIPOTECARIOS"},"content":{"rendered":"<p><strong>Denunci\u00f3 la Defensor\u00eda del Pueblo que la inflaci\u00f3n es uno de los problemas que tienen como mayor preocupaci\u00f3n los Argentinos y donde todas las familias formose\u00f1as, tambi\u00e9n se encuentran involucradas. <\/strong><\/p>\n<p><!--more--><\/p>\n<p>El Ombudsman Provincial Dr. Jos\u00e9 Leonardo Gialluca, se\u00f1al\u00f3 que es grav\u00edsima la situaci\u00f3n econ\u00f3mica y social actual, porque vamos a cerrar el a\u00f1o con una inflaci\u00f3n de m\u00e1s del 55% en 2019 y acumulando m\u00e1s de 350% en 4 a\u00f1os de la gesti\u00f3n de Cambiemos. La p\u00e9rdida del poder adquisitivo deterior\u00f3 no solo los niveles de gasto, sino que recorto decisiones en lugares muy delicados como son los alimentos donde la ca\u00edda en el acumulado del a\u00f1o es del 12%. Aquellos sectores que poseen mejores ingresos y que son los menos en nuestro medio, pueden cubrir sus necesidades b\u00e1sicas y han recortado sus porcentajes dedicados a ocio, indumentaria etc.; por otra parte existen, amplios sectores de nuestra Comunidad que a\u00fan teniendo ingresos como m\u00ednimo de 2 mayores, afirman que los mismos solo les alcanza para llegar a fin de mes, y la gran mayor\u00eda asegur\u00f3 vivir endeudados con tarjetas de cr\u00e9ditos donde no pueden pagar todos los meses el total de las mismas y como consecuencia de las alt\u00edsimas tasas que deben afrontar, nunca pueden cancelar sus deudas y ello obviamente ha producido un fuerte deterioro en su calidad de vida. Es que en los \u00faltimos 4 a\u00f1os denunciaron desde el Organismo de la Constituci\u00f3n m\u00e1s de 5 millones de argentinos cayeron por debajo de la l\u00ednea de pobreza, el salario real ha perdido su capacidad adquisitiva, existe una fuerte inflaci\u00f3n, aumento del desempleo, precarizaci\u00f3n laboral, \u201cy lo grave es que los grupos familiares m\u00e1s vulnerables vienen haciendo desde hace tiempo recortes y restricciones de gastos en lugares muy delicados como son los alimentos y es aqu\u00ed donde se nota, un menor consumo de l\u00e1cteos, quesos, carne vacuna, y todo ello sin que consideremos lo que conlleva los gastos en elementos de higiene personal, para el hogar y ni que hablar de medicamentos, pues all\u00ed es donde ya el Estado Nacional como el Provincial, est\u00e1n brindando coberturas para evitar un mayor deterioro de la calidad de vida de los sectores m\u00e1s fr\u00e1giles\u201d.<\/p>\n","protected":false},"excerpt":{"rendered":"<p>Denunci\u00f3 la Defensor\u00eda del Pueblo que la inflaci\u00f3n es uno de los problemas que tienen como mayor preocupaci\u00f3n los Argentinos y donde todas las familias formose\u00f1as, tambi\u00e9n se encuentran involucradas.<\/p>\n","protected":false},"author":1,"featured_media":9999,"comment_status":"closed","ping_status":"closed","sticky":false,"template":"","format":"standard","meta":{"footnotes":""},"categories":[1],"tags":[],"class_list":["post-9998","post","type-post","status-publish","format-standard","has-post-thumbnail","hentry","category-noticias"],"_links":{"self":[{"href":"https:\/\/defensoriaformosa.gob.ar\/index.php?rest_route=\/wp\/v2\/posts\/9998","targetHints":{"allow":["GET"]}}],"collection":[{"href":"https:\/\/defensoriaformosa.gob.ar\/index.php?rest_route=\/wp\/v2\/posts"}],"about":[{"href":"https:\/\/defensoriaformosa.gob.ar\/index.php?rest_route=\/wp\/v2\/types\/post"}],"author":[{"embeddable":true,"href":"https:\/\/defensoriaformosa.gob.ar\/index.php?rest_route=\/wp\/v2\/users\/1"}],"replies":[{"embeddable":true,"href":"https:\/\/defensoriaformosa.gob.ar\/index.php?rest_route=%2Fwp%2Fv2%2Fcomments&post=9998"}],"version-history":[{"count":1,"href":"https:\/\/defensoriaformosa.gob.ar\/index.php?rest_route=\/wp\/v2\/posts\/9998\/revisions"}],"predecessor-version":[{"id":10000,"href":"https:\/\/defensoriaformosa.gob.ar\/index.php?rest_route=\/wp\/v2\/posts\/9998\/revisions\/10000"}],"wp:featuredmedia":[{"embeddable":true,"href":"https:\/\/defensoriaformosa.gob.ar\/index.php?rest_route=\/wp\/v2\/media\/9999"}],"wp:attachment":[{"href":"https:\/\/defensoriaformosa.gob.ar\/index.php?rest_route=%2Fwp%2Fv2%2Fmedia&parent=9998"}],"wp:term":[{"taxonomy":"category","embeddable":true,"href":"https:\/\/defensoriaformosa.gob.ar\/index.php?rest_route=%2Fwp%2Fv2%2Fcategories&post=9998"},{"taxonomy":"post_tag","embeddable":true,"href":"https:\/\/defensoriaformosa.gob.ar\/index.php?rest_route=%2Fwp%2Fv2%2Ftags&post=9998"}],"curies":[{"name":"wp","href":"https:\/\/api.w.org\/{rel}","templated":true}]}}