{"id":9992,"date":"2019-12-12T16:33:56","date_gmt":"2019-12-12T19:33:56","guid":{"rendered":"http:\/\/2015.defensoriaformosa.gob.ar\/?p=9992"},"modified":"2019-12-12T16:33:56","modified_gmt":"2019-12-12T19:33:56","slug":"afirmo-la-defensoria-del-pueblo-que-durante-el-ano-que-culmina-el-transporte-publico-brindado-por-crucero-del-sur-agrupacion-fue-pesimo","status":"publish","type":"post","link":"https:\/\/defensoriaformosa.gob.ar\/?p=9992","title":{"rendered":"AFIRMO LA DEFENSORIA DEL PUEBLO QUE DURANTE EL A\u00d1O QUE CULMINA, EL TRANSPORTE PUBLICO BRINDADO POR CRUCERO DEL SUR AGRUPACION FUE P\u00c9SIMO"},"content":{"rendered":"<p><strong>Frente a las afirmaciones de C\u00e9sar Aguirre, Gerente de Crucero del Sur Agrupaci\u00f3n, quien sostuvo que \u201centre bajas y altas, podemos decir que cerramos un a\u00f1o con balance positivo\u201d aunque indic\u00f3 que est\u00e1 esperanzado en que el nuevo gobierno nacional reinstaure el subsidio al transporte en las provincias, desde la Defensor\u00eda del Pueblo, en nombre y representaci\u00f3n de la universalidad de usuarios del transporte p\u00fablico de pasajeros, le se\u00f1alaron al Responsable Local de la Firma que, por un lado \u201cno podemos naturalizar como lo hace la empresa el incumplimiento de las frecuencias de todas sus l\u00edneas, y por otra parte nos parece poco serio las explicaciones que se dan acerca de la no refrigeraci\u00f3n de cada unidad que transporta diariamente a decenas de vecinos\u201d.<\/strong><\/p>\n<p><!--more--><\/p>\n<p>El Ombudsman Provincial Dr. Jos\u00e9 Leonardo Gialluca afirm\u00f3 que el 2019 ser\u00e1 recordado por todos los vecinos de la ciudad como el m\u00e1s ca\u00f3tico y deficiente en relaci\u00f3n al transporte p\u00fablico de pasajeros. Se\u00f1al\u00f3 el Funcionario Provincial que, no puede la empresa Crucero del Sur Agrupaci\u00f3n pretender justificar su inoperancia en la crisis econ\u00f3mica que sufre nuestro pa\u00eds y que fue generada por el Gobierno de Mauricio Macri, pues tambi\u00e9n todos los usuarios soportan la inflaci\u00f3n y deben pagar los alimentos, medicamentos y servicios p\u00fablicos dolarizados con ingresos pesificados. Entonces, si los repuestos originales de Mercedes Benz se pagan a valor d\u00f3lar, no encontramos diferencia entre lo que le sucede a la empresa y por lo que cotidianamente viven los usuarios, igualmente sucede con el aumento del gasoil, pues cada vez que suben los carburantes, se incrementan todos los alimentos y servicios. Gialluca afirm\u00f3 que, la \u00fanica verdad es la realidad y en esto basta con consultar a los usuarios y todos concuerdan en que el servicio que presta Crucero del Sur es malo. Ahora, si en el 2017 adquirieron 100 unidades 0 km y absorbieron unos 300 trabajadores y en ese momento 1 d\u00f3lar era igual a $14 y el costo del boleto urbano era de $11, esto es el equivalente a USD 0.79, los vecinos no tienen nada que ver con que el Gobierno Nacional de Cambiemos les haya quedado adeudando m\u00e1s de 60 millones de pesos a la empresa de transporte, igualmente que las unidades tengan que enfrentar el deplorable estado de las calles de nuestra ciudad y al mismo tiempo tener que abonar las Tasas Municipales por la Utilizaci\u00f3n de la V\u00eda P\u00fablica o que hasta la fecha los resultados de la famosa Auditoria Contable, \u201cmandada a realizar desde el poder concedente, no haya sido dada a conocer\u201d. Por ello, continuaremos afirmando y defendiendo que la soluci\u00f3n no pasa por aumentar el boleto y poniendo m\u00e1s obligaciones y m\u00e1s responsabilidades sobre los vecinos \u2013 usuarios, Institucionalmente, lo que s\u00ed plantearemos es que el nuevo Gobierno Nacional de Alberto Fernandez, determine una distribuci\u00f3n federal y equitativa de nuevos subsidios al transporte p\u00fablico para todas las provincias y no solamente para C.A.B.A. y Provincia de Buenos Aires como hasta ahora y por otra parte, tambi\u00e9n apoyaremos la constituci\u00f3n de cooperativas de transportes por el municipio capitalino.<\/p>\n","protected":false},"excerpt":{"rendered":"<p>Frente a las afirmaciones de C\u00e9sar Aguirre, Gerente de Crucero del Sur Agrupaci\u00f3n, quien sostuvo que \u201centre bajas y altas, podemos decir que cerramos un a\u00f1o con balance positivo\u201d aunque indic\u00f3 que est\u00e1 esperanzado en que el nuevo gobierno nacional reinstaure el subsidio al transporte en las provincias, desde la Defensor\u00eda del Pueblo, en nombre [&hellip;]<\/p>\n","protected":false},"author":1,"featured_media":9993,"comment_status":"closed","ping_status":"closed","sticky":false,"template":"","format":"standard","meta":{"footnotes":""},"categories":[1,3],"tags":[],"class_list":["post-9992","post","type-post","status-publish","format-standard","has-post-thumbnail","hentry","category-noticias","category-defensa-de-los-derechos-del-usuario-consumidor-contribuyentes"],"_links":{"self":[{"href":"https:\/\/defensoriaformosa.gob.ar\/index.php?rest_route=\/wp\/v2\/posts\/9992","targetHints":{"allow":["GET"]}}],"collection":[{"href":"https:\/\/defensoriaformosa.gob.ar\/index.php?rest_route=\/wp\/v2\/posts"}],"about":[{"href":"https:\/\/defensoriaformosa.gob.ar\/index.php?rest_route=\/wp\/v2\/types\/post"}],"author":[{"embeddable":true,"href":"https:\/\/defensoriaformosa.gob.ar\/index.php?rest_route=\/wp\/v2\/users\/1"}],"replies":[{"embeddable":true,"href":"https:\/\/defensoriaformosa.gob.ar\/index.php?rest_route=%2Fwp%2Fv2%2Fcomments&post=9992"}],"version-history":[{"count":1,"href":"https:\/\/defensoriaformosa.gob.ar\/index.php?rest_route=\/wp\/v2\/posts\/9992\/revisions"}],"predecessor-version":[{"id":9994,"href":"https:\/\/defensoriaformosa.gob.ar\/index.php?rest_route=\/wp\/v2\/posts\/9992\/revisions\/9994"}],"wp:featuredmedia":[{"embeddable":true,"href":"https:\/\/defensoriaformosa.gob.ar\/index.php?rest_route=\/wp\/v2\/media\/9993"}],"wp:attachment":[{"href":"https:\/\/defensoriaformosa.gob.ar\/index.php?rest_route=%2Fwp%2Fv2%2Fmedia&parent=9992"}],"wp:term":[{"taxonomy":"category","embeddable":true,"href":"https:\/\/defensoriaformosa.gob.ar\/index.php?rest_route=%2Fwp%2Fv2%2Fcategories&post=9992"},{"taxonomy":"post_tag","embeddable":true,"href":"https:\/\/defensoriaformosa.gob.ar\/index.php?rest_route=%2Fwp%2Fv2%2Ftags&post=9992"}],"curies":[{"name":"wp","href":"https:\/\/api.w.org\/{rel}","templated":true}]}}