{"id":9983,"date":"2019-12-10T16:10:23","date_gmt":"2019-12-10T19:10:23","guid":{"rendered":"http:\/\/2015.defensoriaformosa.gob.ar\/?p=9983"},"modified":"2019-12-10T16:10:23","modified_gmt":"2019-12-10T19:10:23","slug":"resalto-la-defensoria-que-la-emergencia-sanitaria-junto-al-consejo-federal-contra-el-hambre-y-el-consejo-economico-social-otorgaran-bienestar-inmediato-a-los-sectores-mas-castigados-por-la-inflacion","status":"publish","type":"post","link":"https:\/\/defensoriaformosa.gob.ar\/?p=9983","title":{"rendered":"RESALTO LA DEFENSORIA QUE LA EMERGENCIA SANITARIA, JUNTO AL CONSEJO FEDERAL CONTRA EL HAMBRE Y EL CONSEJO ECONOMICO SOCIAL, OTORGARAN BIENESTAR INMEDIATO A LOS SECTORES MAS CASTIGADOS POR LA INFLACION"},"content":{"rendered":"<p><strong>En el d\u00eda de ayer, en su discurso en el Congreso de la Naci\u00f3n, el nuevo Presidente de la Argentina Dr. Alberto Fern\u00e1ndez ratific\u00f3 que volver\u00e1 a implementarse el Ministerio d BHG VYe Salud y sostuvo que se va a declarar la Emergencia Sanitaria.<\/strong><\/p>\n<p><!--more--><\/p>\n<p>Los argentinos van a volver a tener derecho a una atenci\u00f3n de salud de calidad y tambi\u00e9n asegur\u00f3 que la gente ser\u00e1 vacunada en tiempo y en forma, lleg\u00e1ndose con todos los remedios a los abuelos de menores ingresos. El Ombudsman Provincial Dr. Jos\u00e9 Leonardo Gialluca, se\u00f1al\u00f3 adem\u00e1s que para la Defensor\u00eda del Pueblo los otros dos anuncios relevantes del nuevo Presidente de la Rep\u00fablica, paso por anunciar la implementaci\u00f3n del Consejo Federal Argentina Contra el Hambre. Esto es algo que no puede esperar, ya que los consumidores tanto del sector p\u00fablico como del privado, no pueden cubrir con sus ingresos absolutamente devaluados y limitados gravemente por la inflaci\u00f3n que deja el gobierno de Mauricio Macri, la adquisici\u00f3n de los productos esenciales de la canasta b\u00e1sica alimentaria. Para esto, esperamos la urgente implementaci\u00f3n de la Ley de G\u00f3ndolas y que las empresas alimentarias, los supermercados la cumplan d\u00e1ndole la posibilidad as\u00ed tambi\u00e9n a las PyMEs de comercializar sus productos en dichos espacios y con ello comenzar a motorizar el consumo y la econom\u00eda de estos sectores que ocupan la mayor mano de obra hist\u00f3ricamente en todo el pa\u00eds. Por \u00faltimo, el anuncio de la creaci\u00f3n del Consejo Econ\u00f3mico y Social para el Desarrollo, constituir\u00e1 el \u00d3rgano necesario para construir y consensuar las pol\u00edticas p\u00fablicas que nuestro pa\u00eds necesita para los pr\u00f3ximos a\u00f1os y que obviamente debe trascender cualquier gobierno sea a\u00fan de un signo pol\u00edtico diferente.<\/p>\n","protected":false},"excerpt":{"rendered":"<p>En el d\u00eda de ayer, en su discurso en el Congreso de la Naci\u00f3n, el nuevo Presidente de la Argentina Dr. Alberto Fern\u00e1ndez ratific\u00f3 que volver\u00e1 a implementarse el Ministerio d BHG VYe Salud y sostuvo que se va a declarar la Emergencia Sanitaria.<\/p>\n","protected":false},"author":1,"featured_media":9984,"comment_status":"closed","ping_status":"closed","sticky":false,"template":"","format":"standard","meta":{"footnotes":""},"categories":[1,3],"tags":[],"class_list":["post-9983","post","type-post","status-publish","format-standard","has-post-thumbnail","hentry","category-noticias","category-defensa-de-los-derechos-del-usuario-consumidor-contribuyentes"],"_links":{"self":[{"href":"https:\/\/defensoriaformosa.gob.ar\/index.php?rest_route=\/wp\/v2\/posts\/9983","targetHints":{"allow":["GET"]}}],"collection":[{"href":"https:\/\/defensoriaformosa.gob.ar\/index.php?rest_route=\/wp\/v2\/posts"}],"about":[{"href":"https:\/\/defensoriaformosa.gob.ar\/index.php?rest_route=\/wp\/v2\/types\/post"}],"author":[{"embeddable":true,"href":"https:\/\/defensoriaformosa.gob.ar\/index.php?rest_route=\/wp\/v2\/users\/1"}],"replies":[{"embeddable":true,"href":"https:\/\/defensoriaformosa.gob.ar\/index.php?rest_route=%2Fwp%2Fv2%2Fcomments&post=9983"}],"version-history":[{"count":1,"href":"https:\/\/defensoriaformosa.gob.ar\/index.php?rest_route=\/wp\/v2\/posts\/9983\/revisions"}],"predecessor-version":[{"id":9985,"href":"https:\/\/defensoriaformosa.gob.ar\/index.php?rest_route=\/wp\/v2\/posts\/9983\/revisions\/9985"}],"wp:featuredmedia":[{"embeddable":true,"href":"https:\/\/defensoriaformosa.gob.ar\/index.php?rest_route=\/wp\/v2\/media\/9984"}],"wp:attachment":[{"href":"https:\/\/defensoriaformosa.gob.ar\/index.php?rest_route=%2Fwp%2Fv2%2Fmedia&parent=9983"}],"wp:term":[{"taxonomy":"category","embeddable":true,"href":"https:\/\/defensoriaformosa.gob.ar\/index.php?rest_route=%2Fwp%2Fv2%2Fcategories&post=9983"},{"taxonomy":"post_tag","embeddable":true,"href":"https:\/\/defensoriaformosa.gob.ar\/index.php?rest_route=%2Fwp%2Fv2%2Ftags&post=9983"}],"curies":[{"name":"wp","href":"https:\/\/api.w.org\/{rel}","templated":true}]}}