{"id":9965,"date":"2019-12-06T16:01:59","date_gmt":"2019-12-06T19:01:59","guid":{"rendered":"http:\/\/2015.defensoriaformosa.gob.ar\/?p=9965"},"modified":"2019-12-06T16:01:59","modified_gmt":"2019-12-06T19:01:59","slug":"joven-con-sindrome-de-nager-sera-debidamente-atendida-el-dia-martes-por-la-junta-evaluadora-de-discapacidad-de-nacion","status":"publish","type":"post","link":"https:\/\/defensoriaformosa.gob.ar\/?p=9965","title":{"rendered":"JOVEN CON SINDROME DE NAGER SERA DEBIDAMENTE ATENDIDA EL DIA MARTES POR LA JUNTA EVALUADORA DE DISCAPACIDAD DE NACION"},"content":{"rendered":"<p><strong>La Agencia Nacional de Discapacidad, inform\u00f3 a la Defensor\u00eda del Pueblo el incremento de presupuesto para el ya inexistente Programa Federal Incluir Salud \u2013 Ex Profe-<\/strong><\/p>\n<p><strong><!--more--><\/strong><\/p>\n<p>El S\u00edndrome de Nager fue reportado por primera vez hacia el a\u00f1o de 1908 por Slingenberg y posteriormente en 1948, Felix Robert Nager y Jean Pierre de Reynier lo describen como una entidad espec\u00edfica. No obstante, es importante aclarar que actualmente se le reconoce dentro del grupo de anomal\u00edas denominadas \u00abdisostosis acrofaciales\u00bb, el cual es de car\u00e1cter heterog\u00e9neo y asocia des\u00f3rdenes en los cuales se presenta tanto disostosis cranio-facial como alteraci\u00f3n en la formaci\u00f3n de las extremidades. Esta es la lucha que viene llevando hace 27 a\u00f1os Maria Concepci\u00f3n Ar\u00e9valos en la Provincia de Formosa y a lo que su familia debe sumar ahora que la Junta Evaluadora de Discapacidad Nacional ubicada en Pringles al 1400 de nuestra ciudad, luego de presentarse la misma tras un viaje desde la ciudad de Clorinda, \u201cno le concedieron su Certificado de Discapacidad remiti\u00e9ndola a nuevos estudios que en los hospitales de nuestra segunda ciudad, por ser tan espec\u00edficos, no existen actualmente especialistas que los lleven adelante\u201d. Tomado conocimiento la Defensor\u00eda del Pueblo de esta situaci\u00f3n, a trav\u00e9s de su -Direcci\u00f3n de Salud y Vivienda-, llev\u00f3 a cabo las acciones necesarias, y por ello esta ciudadana el d\u00eda martes 10 a las 8:00 horas, deber\u00e1 presentarse nuevamente en la Junta Evaluadora de Discapacidad de Naci\u00f3n, donde ser\u00e1 debidamente atendida por sus Responsables Medina Ram\u00f3n Enrique y all\u00ed junto con los otros integrantes de ese Organismo, llevar\u00e1n a cabo nuevas evaluaciones y con seguridad Maria Concepci\u00f3n podr\u00e1 tener su Certificado de Discapacidad. El Ombudsman Provincial Dr. Jos\u00e9 Leonardo Gialluca, fue m\u00e1s all\u00e1 y se refiri\u00f3 a la actual situaci\u00f3n del Programa Nacional Incluir Salud -Ex Profe-, el cual se encuentra absolutamente abandonado y desfinanciado, por lo que, inform\u00f3 que en el d\u00eda de ayer recibimos Institucionalmente, una respuesta de la Agencia Nacional de Discapacidad a trav\u00e9s de su Asesor Legal Axel Davidjan que fue puesta inmediatamente en conocimiento del Ministro de Desarrollo Humano Dr. Jos\u00e9 Luis D\u00e9cima y en la que se nos hace conocer, \u201cque como respuesta a la acci\u00f3n judicial interpuesta en el mes de septiembre del corriente a\u00f1o, se ha solicitado a la Coordinaci\u00f3n de Programaci\u00f3n y Afectaci\u00f3n Presupuestaria de la ANDIS a cargo del Contador Dr. Pablo Apat, un incremento en el cr\u00e9dito presupuestario de este Programa Federal de Salud, para que as\u00ed pueda alcanzar sus metas y objetivos\u201d. No obstante, lo cual el Funcionario Provincia, se\u00f1al\u00f3 que, hasta que dichos recursos econ\u00f3micos sean depositados, existen miles de ciudadanos que hoy est\u00e1n siendo auxiliados por el Gobierno Provincial para cubrir sus necesidades m\u00e9dicas indispensables y as\u00ed es que, si no fuera porque el hospital de d\u00eda del B\u00ba 2 de abril a trav\u00e9s del Programa Provincial de Diabetes que funciona en el mismo a cargo de la Sra. Maria Rosa Arguello, est\u00e1 proporcionando las lapiceras de insulinas en sus diferentes marcas MP, Humalog Mix 25 y Lantus, la gente quedar\u00eda sumida en un absoluto abandono, y por ello, mediante la Actuaci\u00f3n N\u00ba 4428 el d\u00eda de ayer hemos peticionado al M.D.H. tenga a bien adopte las medidas necesarias para que en el hospital de d\u00eda del B\u00ba 2 de abril, donde funciona el Programa antes mencionado, existan la cantidad suficiente de insumos necesarios ante el aumento de la demanda producido como consecuencia de la desaparici\u00f3n pr\u00e1cticamente de Incluir Salud -Ex Profe- y adem\u00e1s se asigne m\u00e1s personal para la atenci\u00f3n de la gente, hasta tanto desde el nuevo Gobierno Nacional se normalice esta situaci\u00f3n cr\u00edtica o se adopten nuevas, que garanticen el derecho a la salud de todos los ciudadanos.<\/p>\n","protected":false},"excerpt":{"rendered":"<p>La Agencia Nacional de Discapacidad, inform\u00f3 a la Defensor\u00eda del Pueblo el incremento de presupuesto para el ya inexistente Programa Federal Incluir Salud \u2013 Ex Profe-<\/p>\n","protected":false},"author":1,"featured_media":9966,"comment_status":"closed","ping_status":"closed","sticky":false,"template":"","format":"standard","meta":{"footnotes":""},"categories":[4,1,6],"tags":[],"class_list":["post-9965","post","type-post","status-publish","format-standard","has-post-thumbnail","hentry","category-ddhh","category-noticias","category-salud"],"_links":{"self":[{"href":"https:\/\/defensoriaformosa.gob.ar\/index.php?rest_route=\/wp\/v2\/posts\/9965","targetHints":{"allow":["GET"]}}],"collection":[{"href":"https:\/\/defensoriaformosa.gob.ar\/index.php?rest_route=\/wp\/v2\/posts"}],"about":[{"href":"https:\/\/defensoriaformosa.gob.ar\/index.php?rest_route=\/wp\/v2\/types\/post"}],"author":[{"embeddable":true,"href":"https:\/\/defensoriaformosa.gob.ar\/index.php?rest_route=\/wp\/v2\/users\/1"}],"replies":[{"embeddable":true,"href":"https:\/\/defensoriaformosa.gob.ar\/index.php?rest_route=%2Fwp%2Fv2%2Fcomments&post=9965"}],"version-history":[{"count":1,"href":"https:\/\/defensoriaformosa.gob.ar\/index.php?rest_route=\/wp\/v2\/posts\/9965\/revisions"}],"predecessor-version":[{"id":9967,"href":"https:\/\/defensoriaformosa.gob.ar\/index.php?rest_route=\/wp\/v2\/posts\/9965\/revisions\/9967"}],"wp:featuredmedia":[{"embeddable":true,"href":"https:\/\/defensoriaformosa.gob.ar\/index.php?rest_route=\/wp\/v2\/media\/9966"}],"wp:attachment":[{"href":"https:\/\/defensoriaformosa.gob.ar\/index.php?rest_route=%2Fwp%2Fv2%2Fmedia&parent=9965"}],"wp:term":[{"taxonomy":"category","embeddable":true,"href":"https:\/\/defensoriaformosa.gob.ar\/index.php?rest_route=%2Fwp%2Fv2%2Fcategories&post=9965"},{"taxonomy":"post_tag","embeddable":true,"href":"https:\/\/defensoriaformosa.gob.ar\/index.php?rest_route=%2Fwp%2Fv2%2Ftags&post=9965"}],"curies":[{"name":"wp","href":"https:\/\/api.w.org\/{rel}","templated":true}]}}