{"id":9937,"date":"2019-12-02T15:07:57","date_gmt":"2019-12-02T18:07:57","guid":{"rendered":"http:\/\/2015.defensoriaformosa.gob.ar\/?p=9937"},"modified":"2019-12-02T15:07:57","modified_gmt":"2019-12-02T18:07:57","slug":"solicito-la-defensoria-del-pueblo-que-las-cuotas-de-los-creditos-uva-se-ajusten-por-el-indice-salarial-y-no-por-inflacion-y-que-la-diferencia-sea-pagada-por-los-bancos-y-no-por-el-estado","status":"publish","type":"post","link":"https:\/\/defensoriaformosa.gob.ar\/?p=9937","title":{"rendered":"SOLICITO LA DEFENSOR\u00cdA DEL PUEBLO QUE LAS CUOTAS DE LOS CR\u00c9DITOS UVA SE AJUSTEN POR EL \u00cdNDICE SALARIAL Y NO POR INFLACI\u00d3N Y QUE LA DIFERENCIA SEA PAGADA POR LOS BANCOS Y NO POR EL ESTADO"},"content":{"rendered":"<p><strong>Unos ochenta mil hipotecados de cr\u00e9ditos UVA de todo el pa\u00eds, y donde en Formosa conforme registros de denuncias de la Defensor\u00eda del Pueblo se tramitan mas de 130 casos aproximadamente, vienen reclamando que las cuotas sean congeladas ya que a fin de a\u00f1o sufrir\u00e1n un incremento de mas de un 25%, cuando finalicen los cuatro meses de congelamiento temporario que hab\u00eda dispuesto el gobierno nacional de Mauricio Macri. <\/strong><\/p>\n<p><!--more--><\/p>\n<p>El Ombudsman Provincial Dr. Jos\u00e9 Leonardo Gialluca se\u00f1alo que en reiteradas oportunidades le hemos formulado al Secretario de Vivienda de Naci\u00f3n Iv\u00e1n Kerr, \u201cque los cr\u00e9ditos hipotecarios en UVA, tanto en lo que respecta a las cuotas como al capital sean indexadas por el \u00edndice salarial y no por inflaci\u00f3n\u201d. As\u00ed facilitar\u00edamos en algo las posibilidades reales de pago que tiene la gente, pero se advirti\u00f3 desde el Organismo de la Constituci\u00f3n, \u201cque la inflaci\u00f3n para el 2.020 se prev\u00e9 ya en un 40% con lo cual, tanto en el sector p\u00fablico como privado ser\u00e1n imposibles que se otorguen aumentos cercanos a los porcentajes mencionados y por ello es necesario que las actualizaciones dejen de hacerse por inflaci\u00f3n, \u201cy que la diferencia sea absorbida por el sistema financiero, esto es los bancos, puesto que ha llegado la hora de que la nueva Administraci\u00f3n Nacional gobierne para la gente y no para las entidades financieras\u201d. En este punto el Gobierno Nacional a d\u00edas de dejar el poder present\u00f3 un proyecto de ley para que a partir de enero de 2020 las cuotas de los cr\u00e9ditos UVA se ajusten por el \u00edndice salarial y no por la inflaci\u00f3n. La diferencia ser\u00eda absorbida por el Estado que pagar\u00eda a los bancos a trav\u00e9s de un fondo. Gialluca informo que en nuestra Provincia aproximadamente la cantidad de operaciones vigentes de cr\u00e9ditos UVA en la Ciudad de Clorinda existen cr\u00e9ditos por $ 13.720.014, en El Colorado $ 2.697.718, en Formosa capital $ 60.032.437, en Ibarreta $6.779.415 y en Piran\u00e9 $ 1.765.946, lo cual representa a fines del corriente a\u00f1o un total de deuda de unos $ 84.995.531 aproximadamente.<\/p>\n","protected":false},"excerpt":{"rendered":"<p>Unos ochenta mil hipotecados de cr\u00e9ditos UVA de todo el pa\u00eds, y donde en Formosa conforme registros de denuncias de la Defensor\u00eda del Pueblo se tramitan mas de 130 casos aproximadamente, vienen reclamando que las cuotas sean congeladas ya que a fin de a\u00f1o sufrir\u00e1n un incremento de mas de un 25%, cuando finalicen los [&hellip;]<\/p>\n","protected":false},"author":1,"featured_media":9938,"comment_status":"closed","ping_status":"closed","sticky":false,"template":"","format":"standard","meta":{"footnotes":""},"categories":[1,6,3],"tags":[],"class_list":["post-9937","post","type-post","status-publish","format-standard","has-post-thumbnail","hentry","category-noticias","category-salud","category-defensa-de-los-derechos-del-usuario-consumidor-contribuyentes"],"_links":{"self":[{"href":"https:\/\/defensoriaformosa.gob.ar\/index.php?rest_route=\/wp\/v2\/posts\/9937","targetHints":{"allow":["GET"]}}],"collection":[{"href":"https:\/\/defensoriaformosa.gob.ar\/index.php?rest_route=\/wp\/v2\/posts"}],"about":[{"href":"https:\/\/defensoriaformosa.gob.ar\/index.php?rest_route=\/wp\/v2\/types\/post"}],"author":[{"embeddable":true,"href":"https:\/\/defensoriaformosa.gob.ar\/index.php?rest_route=\/wp\/v2\/users\/1"}],"replies":[{"embeddable":true,"href":"https:\/\/defensoriaformosa.gob.ar\/index.php?rest_route=%2Fwp%2Fv2%2Fcomments&post=9937"}],"version-history":[{"count":1,"href":"https:\/\/defensoriaformosa.gob.ar\/index.php?rest_route=\/wp\/v2\/posts\/9937\/revisions"}],"predecessor-version":[{"id":9939,"href":"https:\/\/defensoriaformosa.gob.ar\/index.php?rest_route=\/wp\/v2\/posts\/9937\/revisions\/9939"}],"wp:featuredmedia":[{"embeddable":true,"href":"https:\/\/defensoriaformosa.gob.ar\/index.php?rest_route=\/wp\/v2\/media\/9938"}],"wp:attachment":[{"href":"https:\/\/defensoriaformosa.gob.ar\/index.php?rest_route=%2Fwp%2Fv2%2Fmedia&parent=9937"}],"wp:term":[{"taxonomy":"category","embeddable":true,"href":"https:\/\/defensoriaformosa.gob.ar\/index.php?rest_route=%2Fwp%2Fv2%2Fcategories&post=9937"},{"taxonomy":"post_tag","embeddable":true,"href":"https:\/\/defensoriaformosa.gob.ar\/index.php?rest_route=%2Fwp%2Fv2%2Ftags&post=9937"}],"curies":[{"name":"wp","href":"https:\/\/api.w.org\/{rel}","templated":true}]}}