{"id":9896,"date":"2019-11-24T16:00:55","date_gmt":"2019-11-24T19:00:55","guid":{"rendered":"http:\/\/2015.defensoriaformosa.gob.ar\/?p=9896"},"modified":"2019-11-24T16:00:55","modified_gmt":"2019-11-24T19:00:55","slug":"la-defensoria-del-pueblo-advirtio-que-si-no-se-controlan-a-los-grandes-grupos-economicos-los-aumentos-permanentes-en-los-precios-de-los-alimentos-no-podran-dominarse","status":"publish","type":"post","link":"https:\/\/defensoriaformosa.gob.ar\/?p=9896","title":{"rendered":"LA DEFENSORIA DEL PUEBLO ADVIRTIO QUE SI NO SE CONTROLAN A LOS GRANDES GRUPOS ECONOMICOS LOS AUMENTOS PERMANENTES EN LOS PRECIOS DE LOS ALIMENTOS NO PODRAN DOMINARSE"},"content":{"rendered":"<p><strong>Los precios en las g\u00f3ndolas siguen siendo el peor contraste del Gobierno de Mauricio Macri, ya que mes a mes y \u00faltimamente todas las semanas, los productos alimenticios aumentan mucho m\u00e1s r\u00e1pido que los salarios y los trabajadores p\u00fablicos y privados pierden capacidad de consumo. Desde la Defensor\u00eda del Pueblo de la Provincia de Formosa se denunci\u00f3 que desgraciadamente el proceso inflacionario contin\u00faa en el pa\u00eds.<\/strong><\/p>\n<p><!--more--><\/p>\n<p>El aumento de precios de los productos de la canasta alimentaria es muy grande y en el relevamiento de precios que hacemos en nuestro medio, nos permite observar que las remarcaciones no cesan y que los empresarios y supermercadistas ante la incertidumbre por la asunci\u00f3n del nuevo Gobierno Nacional, \u201cest\u00e1n subiendo los precios por un \u00edtem que ellos solamente conocen y manejan que es el de -por las dudas-\u201d. Se afirm\u00f3 que la mayor\u00eda de los pa\u00edses en cinco a\u00f1os no tienen los aumentos que nosotros tuvimos en un mes. Desde el 1 de enero hasta al 31 de octubre tuvimos un 48,24%, un 11,58% m\u00e1s que el aumento que hubo en 2018. Por ello, es que Institucionalmente esperamos que el pr\u00f3ximo Gobierno Nacional sea pragm\u00e1tico y entonces no este absolutamente ausente del mercado y de la cadena de comercializaci\u00f3n de bienes y servicios, como as\u00ed tampoco adopte medidas para controlar a las pocas Pymes que quedan, \u201csino que fiscalice a los grandes grupos econ\u00f3micos que son formadores y deformadores de precios para que cumplan las normas legales vigentes\u201d. En EE.UU existe una ley antimonopolio que se cumple y en Argentina: \u201cAc\u00e1 tenemos la Ley de Defensa del Consumidor, de Lealtad Comercial, de Defensa de la Competencia, y tantas leyes m\u00e1s que no se cumplen y el gobierno de Mauricio Macri no las hizo ni las hace cumplir. Podr\u00e1 luego concretarse seguramente un Acuerdo Social y Econ\u00f3mico Amplio, del cual participemos todos los sectores, para que los alimentos, medicamentos y todos los productos posean precios justos y razonables y adem\u00e1s tengamos valores de la energ\u00eda el\u00e9ctrica y del gas pesificados y no dolarizados como se impusieron en estos \u00faltimos a\u00f1os, lo que hace que actualmente sean impagables.<\/p>\n","protected":false},"excerpt":{"rendered":"<p>Los precios en las g\u00f3ndolas siguen siendo el peor contraste del Gobierno de Mauricio Macri, ya que mes a mes y \u00faltimamente todas las semanas, los productos alimenticios aumentan mucho m\u00e1s r\u00e1pido que los salarios y los trabajadores p\u00fablicos y privados pierden capacidad de consumo. Desde la Defensor\u00eda del Pueblo de la Provincia de Formosa [&hellip;]<\/p>\n","protected":false},"author":1,"featured_media":9897,"comment_status":"closed","ping_status":"closed","sticky":false,"template":"","format":"standard","meta":{"footnotes":""},"categories":[3],"tags":[],"class_list":["post-9896","post","type-post","status-publish","format-standard","has-post-thumbnail","hentry","category-defensa-de-los-derechos-del-usuario-consumidor-contribuyentes"],"_links":{"self":[{"href":"https:\/\/defensoriaformosa.gob.ar\/index.php?rest_route=\/wp\/v2\/posts\/9896","targetHints":{"allow":["GET"]}}],"collection":[{"href":"https:\/\/defensoriaformosa.gob.ar\/index.php?rest_route=\/wp\/v2\/posts"}],"about":[{"href":"https:\/\/defensoriaformosa.gob.ar\/index.php?rest_route=\/wp\/v2\/types\/post"}],"author":[{"embeddable":true,"href":"https:\/\/defensoriaformosa.gob.ar\/index.php?rest_route=\/wp\/v2\/users\/1"}],"replies":[{"embeddable":true,"href":"https:\/\/defensoriaformosa.gob.ar\/index.php?rest_route=%2Fwp%2Fv2%2Fcomments&post=9896"}],"version-history":[{"count":1,"href":"https:\/\/defensoriaformosa.gob.ar\/index.php?rest_route=\/wp\/v2\/posts\/9896\/revisions"}],"predecessor-version":[{"id":9898,"href":"https:\/\/defensoriaformosa.gob.ar\/index.php?rest_route=\/wp\/v2\/posts\/9896\/revisions\/9898"}],"wp:featuredmedia":[{"embeddable":true,"href":"https:\/\/defensoriaformosa.gob.ar\/index.php?rest_route=\/wp\/v2\/media\/9897"}],"wp:attachment":[{"href":"https:\/\/defensoriaformosa.gob.ar\/index.php?rest_route=%2Fwp%2Fv2%2Fmedia&parent=9896"}],"wp:term":[{"taxonomy":"category","embeddable":true,"href":"https:\/\/defensoriaformosa.gob.ar\/index.php?rest_route=%2Fwp%2Fv2%2Fcategories&post=9896"},{"taxonomy":"post_tag","embeddable":true,"href":"https:\/\/defensoriaformosa.gob.ar\/index.php?rest_route=%2Fwp%2Fv2%2Ftags&post=9896"}],"curies":[{"name":"wp","href":"https:\/\/api.w.org\/{rel}","templated":true}]}}