{"id":9890,"date":"2019-11-23T15:47:38","date_gmt":"2019-11-23T18:47:38","guid":{"rendered":"http:\/\/2015.defensoriaformosa.gob.ar\/?p=9890"},"modified":"2019-11-23T15:47:38","modified_gmt":"2019-11-23T18:47:38","slug":"la-defensoria-denuncio-a-la-empresa-coca-cola-por-ante-el-municipio-y-la-subsecretaria-de-recursos-naturales-por-producir-emanaciones-repugnantes","status":"publish","type":"post","link":"https:\/\/defensoriaformosa.gob.ar\/?p=9890","title":{"rendered":"LA DEFENSORIA DENUNCIO A LA EMPRESA COCA COLA POR ANTE EL MUNICIPIO Y LA SUBSECRETARIA DE RECURSOS NATURALES, \u201cPOR PRODUCIR EMANACIONES REPUGNANTES\u201d"},"content":{"rendered":"<p><strong>-Desde el Organismo de la Constituci\u00f3n, se resalt\u00f3 a su vez la nueva Ley Ambiental aprobada en el Congreso de la Naci\u00f3n que establece \u201cPresupuestos M\u00ednimos y la creaci\u00f3n de un Gabinete Nacional de Cambio Clim\u00e1tico para as\u00ed poder trabajar coordinadamente en una lucha permanente para mitigar los cambios clim\u00e1ticos e implementar un Plan Nacional de Adaptaci\u00f3n, promoviendo la reducci\u00f3n de emisiones de efecto invernadero-<\/strong><\/p>\n<p><!--more--><\/p>\n<p>A partir de la presentaci\u00f3n de reclamos por parte de vecinos de una zona del B\u00ba San Francisco aleda\u00f1o al Grupo Arca Continental y\/o Salta Refrescos S.A., m\u00e1s conocida como -la f\u00e1brica de Coca Cola ubicada en la Av. 9 de Julio y Jun\u00edn de nuestra ciudad-, quienes denunciaron que desde hace mucho tiempo vienen soportando, \u201colores nauseabundos, intensos y constantes que provienen de la f\u00e1brica antes citada, siendo perjudicados todos los d\u00edas y hasta confirmaron que se puede visualizar un humo gris o negro que sale de dicho lugar\u201d. Desde la -Direcci\u00f3n de Ambiente, Audiencias P\u00fablicas y Desarrollo Sustentable- de la Defensor\u00eda del Pueblo de la Provincia de Formosa, se llev\u00f3 adelante un profundo relevamiento sobre los vecinos del B\u00ba San Francisco ubicados en el sector de las calles Emilio Senes y Coronel Bogado, labr\u00e1ndose las Actas de Constataci\u00f3n respectivas y en las cuales qued\u00f3 sentado la existencia de un olor repugnante que proviene de un sector de la f\u00e1brica Coca Cola y que se pudo observar que desde los extractores de aire, sal\u00edan emanaciones gris\u00e1ceas, especialmente del edifico que est\u00e1 ubicado sobre la Av. Gonz\u00e1lez Lelong y Coronel Bogado. Por esta situaci\u00f3n, a los vecinos se les hace imposible salir a las veredas ya que las emanaciones se producen durante la semana incluso d\u00edas s\u00e1bados y domingos, siendo esta situaci\u00f3n insoportable en estos d\u00edas y que se ha originado ya desde hace un largo tiempo. As\u00ed las cosas, el Ombudsman Provincial Dr. Jos\u00e9 Leonardo Gialluca, remiti\u00f3 sendas denuncias tanto al grupo Arca Continental y\/o Salta Refrescos S.A., como tambi\u00e9n a la Direcci\u00f3n de Bromatolog\u00eda de la Municipalidad de Formosa a cargo de Jorge Roberto Tarantini, para que cada uno dentro de sus competencias, lleven adelante todas las medidas necesarias para hacer cesar esta grav\u00edsima e irregular situaci\u00f3n. Gialluca record\u00f3 que no hace mucho tiempo los responsables de la f\u00e1brica Coca Cola admitieron que los olores proven\u00edan de la zona en la que trabajan y luego reunieron a los vecinos del B\u00ba San Francisco se\u00f1al\u00e1ndoles que el mismo no afectaba su salud y menos a\u00fan el ambiente. \u201cEn este sentido, el Funcionario Provincial afirm\u00f3 que los Directivos de la Empresa o no est\u00e1n entendiendo la situaci\u00f3n o se burlan de la buena fe de los vecinos, ya que no tiene porque contaminar el ambiente y perjudicar la salud y bienestar de nuestra poblaci\u00f3n esta empresa y cualquier otra, quien se debe ajustar a la Legislaci\u00f3n Vigente y adem\u00e1s quienes determinen si su accionar se encuentra dentro de los par\u00e1metros o est\u00e1ndares previstos normativamente, ser\u00e1 por un lado la Municipalidad de la Ciudad de Formosa o en su defecto la Subsecretaria de Recursos, Naturales, Ordenamiento y Calidad Ambiental a cargo del Dr. Hugo Bay\u201d. Es que, quienes producen las emanaciones no pueden dar unilateralmente una respuesta a los vecinos, de los problemas que ellos mismos ocasionan y como si fuera poco posteriormente denunci\u00f3 Gialluca esta empresa siempre est\u00e1 argumentando permisos para hacer algo que nuestra Comunidad rechaza y que no es lo l\u00f3gico para una firma que se presenta como sustentable. En este sentido, record\u00f3 que la Argentina cuenta desde esta semana con una Ley que establece \u201cPresupuestos M\u00ednimos Ambientales\u201d, que fue aprobada en la C\u00e1mara de Diputados y pone al pa\u00eds en sinton\u00eda con otras naciones del mundo que ya han adoptado estos protocolos, como por ejemplo la conformaci\u00f3n de un \u201cConsejo Asesor\u201d, cuyos dict\u00e1menes el -Gabinete Ambiental- estar\u00e1 obligado a evaluar, aunque no sean vinculantes. Ese consejo deber\u00eda quedar integrado por organizaciones ambientales, sindicatos, comunidades ind\u00edgenas, universidades, entidades acad\u00e9micas y empresariales, entre otros. Como primer efecto de esta nueva Ley, una vez conformado el -Gabinete Nacional de Cambio Clim\u00e1tico-, se debe generar un Plan Nacional de Adaptaci\u00f3n y Mitigaci\u00f3n al Cambio Clim\u00e1tico, con sus sistemas de actualizaci\u00f3n y monitoreos. En ese plan adem\u00e1s se deben fijar metas m\u00ednimas de reducci\u00f3n o eliminaci\u00f3n de emisiones. Tenemos que entender que los procesos de contaminaci\u00f3n y destrucci\u00f3n de recursos, m\u00e1s all\u00e1 de las responsabilidades e incidencias nacionales, afectan a la biosfera en su conjunto y con ello socaban las condiciones materiales de existencia y reproducci\u00f3n de todo el g\u00e9nero humano. Contempl\u00e1ndose dos grupos de medidas para que Argentina colabore con la mitigaci\u00f3n en los efectos del cambio clim\u00e1tico. Por un lado, medidas de adaptaci\u00f3n, que son aquellas que buscan atenuar o minimizar los da\u00f1os o impactos asociados al Cambio Clim\u00e1tico, y por otro lado medidas de mitigaci\u00f3n, que son acciones orientadas a reducir las emisiones de gases de efecto invernadero.<\/p>\n","protected":false},"excerpt":{"rendered":"<p>-Desde el Organismo de la Constituci\u00f3n, se resalt\u00f3 a su vez la nueva Ley Ambiental aprobada en el Congreso de la Naci\u00f3n que establece \u201cPresupuestos M\u00ednimos y la creaci\u00f3n de un Gabinete Nacional de Cambio Clim\u00e1tico para as\u00ed poder trabajar coordinadamente en una lucha permanente para mitigar los cambios clim\u00e1ticos e implementar un Plan Nacional [&hellip;]<\/p>\n","protected":false},"author":1,"featured_media":9891,"comment_status":"closed","ping_status":"closed","sticky":false,"template":"","format":"standard","meta":{"footnotes":""},"categories":[5,4,1,6],"tags":[],"class_list":["post-9890","post","type-post","status-publish","format-standard","has-post-thumbnail","hentry","category-ambiente-y-desarrollo-sustentable","category-ddhh","category-noticias","category-salud"],"_links":{"self":[{"href":"https:\/\/defensoriaformosa.gob.ar\/index.php?rest_route=\/wp\/v2\/posts\/9890","targetHints":{"allow":["GET"]}}],"collection":[{"href":"https:\/\/defensoriaformosa.gob.ar\/index.php?rest_route=\/wp\/v2\/posts"}],"about":[{"href":"https:\/\/defensoriaformosa.gob.ar\/index.php?rest_route=\/wp\/v2\/types\/post"}],"author":[{"embeddable":true,"href":"https:\/\/defensoriaformosa.gob.ar\/index.php?rest_route=\/wp\/v2\/users\/1"}],"replies":[{"embeddable":true,"href":"https:\/\/defensoriaformosa.gob.ar\/index.php?rest_route=%2Fwp%2Fv2%2Fcomments&post=9890"}],"version-history":[{"count":1,"href":"https:\/\/defensoriaformosa.gob.ar\/index.php?rest_route=\/wp\/v2\/posts\/9890\/revisions"}],"predecessor-version":[{"id":9892,"href":"https:\/\/defensoriaformosa.gob.ar\/index.php?rest_route=\/wp\/v2\/posts\/9890\/revisions\/9892"}],"wp:featuredmedia":[{"embeddable":true,"href":"https:\/\/defensoriaformosa.gob.ar\/index.php?rest_route=\/wp\/v2\/media\/9891"}],"wp:attachment":[{"href":"https:\/\/defensoriaformosa.gob.ar\/index.php?rest_route=%2Fwp%2Fv2%2Fmedia&parent=9890"}],"wp:term":[{"taxonomy":"category","embeddable":true,"href":"https:\/\/defensoriaformosa.gob.ar\/index.php?rest_route=%2Fwp%2Fv2%2Fcategories&post=9890"},{"taxonomy":"post_tag","embeddable":true,"href":"https:\/\/defensoriaformosa.gob.ar\/index.php?rest_route=%2Fwp%2Fv2%2Ftags&post=9890"}],"curies":[{"name":"wp","href":"https:\/\/api.w.org\/{rel}","templated":true}]}}