{"id":9887,"date":"2019-11-23T15:44:39","date_gmt":"2019-11-23T18:44:39","guid":{"rendered":"http:\/\/2015.defensoriaformosa.gob.ar\/?p=9887"},"modified":"2019-11-23T15:44:39","modified_gmt":"2019-11-23T18:44:39","slug":"solicitan-la-liberacion-de-la-ruta-provincial-no-39-que-une-maria-cristina-con-lote-8-y-donde-tres-originarios-impiden-el-libre-transito-salvo-que-se-les-paguen-sumas-de-dinero","status":"publish","type":"post","link":"https:\/\/defensoriaformosa.gob.ar\/?p=9887","title":{"rendered":"SOLICITAN LA LIBERACION DE LA RUTA PROVINCIAL N\u00ba 39 QUE UNE MARIA CRISTINA CON LOTE 8 Y DONDE TRES ORIGINARIOS IMPIDEN EL LIBRE TRANSITO, \u201cSALVO QUE SE LES PAGUEN SUMAS DE DINERO\u201d"},"content":{"rendered":"<p><strong>Uno de los problemas administrativos y judiciales m\u00e1s graves y contradictorios que continuamos enfrentando este a\u00f1o desde la Defensor\u00eda del Pueblo, son los permanentes cortes de rutas producidos por piquetes tanto de trazas nacionales, provincial y caminos vecinales, \u201cdonde la ciudadan\u00eda en general se encuentra absolutamente desprotegida por la Justicia, quien viene haciendo lo imposible para no garantizar los derechos constitucionales a transitar libremente nuestro territorio y lleg\u00e1ndose inclusive por estas posturas -interpretativas particulares de los jueces- a tener que tolerar que ciudadanos hayan sido agredidos ps\u00edquica y f\u00edsicamente y los manifestantes o piqueteros contin\u00faen con su accionar delictivo y obsceno sin ning\u00fan inconveniente\u201d. <\/strong><\/p>\n<p><!--more--><\/p>\n<p>Por ello, la semana pasada se llev\u00f3 a cabo en la Sede del Organismo de la Constituci\u00f3n, una serie de reuniones con Representantes Originarios de nuestro interior provincial, entre los que participaron el Cacique Isaac Elixto de Pozo La Chiva, Comunidad Originaria Wich\u00ed que se encuentra ubicada en el oeste de la provincia, a tan s\u00f3lo pocos kil\u00f3metros de Mar\u00eda Cristina y otros, quienes expusieron los permanentes cortes de la Ruta Provincial N\u00ba 39 a 200 metros antes de la localidad de Maria Cristina, a la altura de la zona denominada \u201cBarrios Corralito y Flores\u201d, Departamento Ram\u00f3n Lista. Patrocin\u00e1ndolos el Ombudsman Provincial Dr. Jos\u00e9 Leonardo Gialluca, interpuso adem\u00e1s de una serie de peticiones al Jefe de la Polic\u00eda de la Provincia de Formosa Comisario General Walter Arroyo y la denuncia penal pertinente en orden a los delitos previstos en los Arts. 194, 168 y 149 bis 2\u00ba p\u00e1rrafo del C.P.N., al Juez con Competencia Penal de Las Lomitas Dr. Francisco Orella, solicit\u00e1ndole la adopci\u00f3n de MEDIDAS URGENTES para: 1) REESTABLECER el ejercicio del derecho al libre tr\u00e1nsito sobre la citada ruta a trav\u00e9s de los procedimientos que respeten los Derechos Humanos de los denunciados, 2) EVITAR que el accionar de los citados pongan en peligro la vida, integridad psicof\u00edsica e intereses econ\u00f3micos de las personas que circulan por esa zona, ordenando a la Polic\u00eda de la Provincia de Formosa -y\/o a las Fuerzas de Seguridad que S.S. entienda conveniente por encontrarse m\u00e1s cercanas a la zona donde se desarrollan los hechos il\u00edcitos descriptos-, que se aposten en el \u00e1rea de conflicto y en sus inmediaciones durante todo el tiempo que duren las conductas denunciadas. 3) INDIVIDUALIZAR a los PARTICIPES MATERIALES E INTELECTUALES del hecho denunciado, 4) DETERMINAR SU RESPONSABLILDAD PENAL y, eventualmente, 5) APLICAR las PENAS previstas para las figuras penales en cuesti\u00f3n. Las manifestaciones vertidas por vecinos de la zona, llev\u00f3 a que la Defensor\u00eda del Pueblo tome conocimiento que desde hace aproximadamente tres (03) d\u00edas, la Ruta Provincial N\u00ba 39 ha sido interrumpida en forma total por parte de un grupo formado entre quince originarios pertenecientes a la Comunidad \u201cMaria Cristina y San Miguel\u201d, medida que es encabezada por los Sres. P\u00e9rez Aurelio, L\u00f3pez Mauricio y Arias Timoteo. Adem\u00e1s, se destac\u00f3 que no existen caminos alternativos para dirigirse desde Maria Cristina a Lote 8, por lo cual, quienes necesitan transitar por esa ruta, se encuentra totalmente impedido de hacerlo. Se puso en conocimiento de S.S. que los usuarios de esta v\u00eda terrestre, para poder traspasar el corte y continuar viaje, o bien, evitar da\u00f1os en su persona o en bienes, est\u00e1n recibiendo amenazas y\/o requerimientos de pago de sumas de dinero \u201cpeajes\u201d por parte de los protagonistas de estos hechos. En tal sentido, nos han expresado que a los veh\u00edculos de gran porte les cobran la suma de $1.000, a los automovilistas $500 y a los conductores de motoveh\u00edculos $300. Raz\u00f3n por la cual, se peticion\u00f3 tambi\u00e9n se investigue la presunta comisi\u00f3n del il\u00edcito previsto en los Arts. 149 bis, Segundo P\u00e1rrafo y 168 del C\u00f3digo Penal. Gialluca agreg\u00f3 que, tambi\u00e9n le hemos dado la posibilidad de expresar los motivos o causas que llevan a estos ciudadanos a cortar una ruta tan importante y la intransigencia ha sido una constante, lleg\u00e1ndose a pedir un nuevo Establecimiento Escolar para ese grupo de originarios, los que a 150 metros ya poseen Instituciones Educativas de todos los niveles, agrav\u00e1ndose en estos \u00faltimos d\u00edas sus conductas, \u201cpor impedir el paso de ambulancias con pacientes, de docentes primarios y secundarios, alumnos, camiones y veh\u00edculos de Vialidad Provincial, adem\u00e1s de todo tipo de transporte de manera absolutamente irracional e injustificada, por lo cual, \u201csin criminalizar una protesta social que en este caso es inexistente ya que son tres (3) las personas que llevan adelante esta medida, por lo que han sido denunciados y esperamos la liberaci\u00f3n de esta traza y de cualquier otra que entorpezca los derechos constitucionales de los ciudadanos que poseen el derecho a transitar libremente por nuestro territorio provincial\u201d.<\/p>\n","protected":false},"excerpt":{"rendered":"<p>Uno de los problemas administrativos y judiciales m\u00e1s graves y contradictorios que continuamos enfrentando este a\u00f1o desde la Defensor\u00eda del Pueblo, son los permanentes cortes de rutas producidos por piquetes tanto de trazas nacionales, provincial y caminos vecinales, \u201cdonde la ciudadan\u00eda en general se encuentra absolutamente desprotegida por la Justicia, quien viene haciendo lo imposible [&hellip;]<\/p>\n","protected":false},"author":1,"featured_media":9888,"comment_status":"closed","ping_status":"closed","sticky":false,"template":"","format":"standard","meta":{"footnotes":""},"categories":[4,1,7],"tags":[],"class_list":["post-9887","post","type-post","status-publish","format-standard","has-post-thumbnail","hentry","category-ddhh","category-noticias","category-seguridad-vial"],"_links":{"self":[{"href":"https:\/\/defensoriaformosa.gob.ar\/index.php?rest_route=\/wp\/v2\/posts\/9887","targetHints":{"allow":["GET"]}}],"collection":[{"href":"https:\/\/defensoriaformosa.gob.ar\/index.php?rest_route=\/wp\/v2\/posts"}],"about":[{"href":"https:\/\/defensoriaformosa.gob.ar\/index.php?rest_route=\/wp\/v2\/types\/post"}],"author":[{"embeddable":true,"href":"https:\/\/defensoriaformosa.gob.ar\/index.php?rest_route=\/wp\/v2\/users\/1"}],"replies":[{"embeddable":true,"href":"https:\/\/defensoriaformosa.gob.ar\/index.php?rest_route=%2Fwp%2Fv2%2Fcomments&post=9887"}],"version-history":[{"count":1,"href":"https:\/\/defensoriaformosa.gob.ar\/index.php?rest_route=\/wp\/v2\/posts\/9887\/revisions"}],"predecessor-version":[{"id":9889,"href":"https:\/\/defensoriaformosa.gob.ar\/index.php?rest_route=\/wp\/v2\/posts\/9887\/revisions\/9889"}],"wp:featuredmedia":[{"embeddable":true,"href":"https:\/\/defensoriaformosa.gob.ar\/index.php?rest_route=\/wp\/v2\/media\/9888"}],"wp:attachment":[{"href":"https:\/\/defensoriaformosa.gob.ar\/index.php?rest_route=%2Fwp%2Fv2%2Fmedia&parent=9887"}],"wp:term":[{"taxonomy":"category","embeddable":true,"href":"https:\/\/defensoriaformosa.gob.ar\/index.php?rest_route=%2Fwp%2Fv2%2Fcategories&post=9887"},{"taxonomy":"post_tag","embeddable":true,"href":"https:\/\/defensoriaformosa.gob.ar\/index.php?rest_route=%2Fwp%2Fv2%2Ftags&post=9887"}],"curies":[{"name":"wp","href":"https:\/\/api.w.org\/{rel}","templated":true}]}}