{"id":9880,"date":"2019-11-21T15:47:31","date_gmt":"2019-11-21T18:47:31","guid":{"rendered":"http:\/\/2015.defensoriaformosa.gob.ar\/?p=9880"},"modified":"2019-11-21T15:47:31","modified_gmt":"2019-11-21T18:47:31","slug":"afirmo-la-defensoria-que-la-reglamentacion-de-la-ley-de-autismo-obliga-a-todas-las-obras-sociales-y-prepagas-a-brindar-las-prestaciones-necesarias-a-los-mismos","status":"publish","type":"post","link":"https:\/\/defensoriaformosa.gob.ar\/?p=9880","title":{"rendered":"AFIRMO LA DEFENSORIA QUE LA REGLAMENTACION DE LA LEY DE AUTISMO OBLIGA A TODAS LAS OBRAS SOCIALES Y PREPAGAS A BRINDAR LAS PRESTACIONES NECESARIAS A LOS MISMOS"},"content":{"rendered":"<p><strong>La Ley 27.043 declara de Inter\u00e9s Nacional el Abordaje Integral e Interdisciplinario de las Personas que presentan Trastornos del Espectro Autista (TEA), sancionada hace 5 a\u00f1os la misma no estaba reglamentada y luego de varios a\u00f1os de lucha, tanto desde los grupos TGD \u2013 Padres TEA junto a otros Organismos e Instituciones, se obtuvo su reglamentaci\u00f3n que fue publicada en el Bolet\u00edn Oficial a trav\u00e9s del Decreto 777\/19.<\/strong><\/p>\n<p><!--more--><\/p>\n<p>Esta Reglamentaci\u00f3n tiene por objeto promover el diagn\u00f3stico temprano, la intervenci\u00f3n oportuna, as\u00ed como la capacitaci\u00f3n de recursos humanos en salud y la investigaci\u00f3n vinculada a Trastornos del Espectro Autista (TEA). Desde la -Direcci\u00f3n de Salud y Vivienda- de la Defensor\u00eda del Pueblo de la Provincia de Formosa, se se\u00f1al\u00f3 que el Trastorno del Espectro Autista se refiere a una afecci\u00f3n del neurodesarrollo definido por una serie de caracter\u00edsticas del comportamiento que, entre sus manifestaciones centrales, presenta alteraciones en la comunicaci\u00f3n y en las interacciones sociales y dificultad para comprender las perspectivas o intenciones de los dem\u00e1s, y que generalmente tienen un impacto de por vida. El Ombudsman Provincial Dr. Jos\u00e9 Leonardo Gialluca, \u201cdestac\u00f3 que lo m\u00e1s importante de esta reglamentaci\u00f3n de la ley es que se obliga a todas las obras sociales, prepagas y seguridad social a brindar las prestaciones y asegurar el correcto diagn\u00f3stico del autismo\u201d. Esto es relevante porque siempre se est\u00e1 llegando tarde al diagn\u00f3stico y cuanto antes se comienza con los tratamientos siempre aumentan las perspectivas de mejorar la calidad de vida de los ni\u00f1os. Se estima que el 30% de los argentinos est\u00e1 fuera del sistema de salud formal, y esta Reglamentaci\u00f3n viene a ocupar un gran vac\u00edo para todas esas personas, ya que establece que, en los Centros de Atenci\u00f3n Primaria de los distintos niveles de gobiernos del pa\u00eds, existan investigaciones, detecci\u00f3n temprana, diagn\u00f3stico y tratamiento gratuito, de manera que el descubrimiento temprano del autismo entre los 16 y los 30 meses de nacidos, nos permita hacer una gran diferencia para mejorar la calidad de vida del ni\u00f1o y de su familia. Por otra parte, es primordial que los profesionales de la salud est\u00e9n capacitados en trastorno del espectro autista y es aqu\u00ed donde el diagn\u00f3stico debe hacerse en el Primer Nivel de Atenci\u00f3n de la Salud, es decir por parte de los pediatras, m\u00e9dicos generalistas y m\u00e9dicos de familia, obteniendo de esa manera posteriormente un abordaje integral e interdisciplinario para las miles de familias a quienes les debemos garantizar los derechos de los ni\u00f1os con TEA. Por \u00faltimo, se inform\u00f3 que la semana pr\u00f3xima se concretar\u00e1 una reuni\u00f3n con las diferentes Asociaciones TGD \u2013 Padre TEA, Organismos Provinciales y Municipales, para intercambiar opiniones y posturas sobre esta reglamentaci\u00f3n y, adem\u00e1s, \u201cconocer fidedignamente como se implementar\u00e1 la Ordenanza que el Consejo Deliberante de la Ciudad de Formosa trat\u00f3 en su oportunidad en relaci\u00f3n al uso de la pirotecnia sonora, pues estamos llegando a fin de a\u00f1o y nadie ha reflotado esta tem\u00e1tica\u201d. El Defensor del Pueblo, afirm\u00f3 que estamos convencidos que tenemos los argumentos tanto de hecho como de derecho para que se ponga en funcionamiento un Instrumento Legal que regule la comercializaci\u00f3n de la pirotecnia sonora, protegiendo principalmente a los sectores m\u00e1s vulnerables y sin que ello implique como lo afirm\u00f3 en su momento el Director de Relaciones Institucionales de la C\u00e1mara Argentina de Empresas Artificiales, Ezequiel Asquinazi, que se deje sin trabajo a algunos sectores, toda vez que el Poder de Polic\u00eda de un Municipio debe y tiene que estar para proteger a sus vecinos y en eso Institucionalmente este Organismo de la Constituci\u00f3n, interpondr\u00e1 lo que sea necesario para que, \u201cen Formosa existan muchas m\u00e1s luces y menos ruidos\u201d.<\/p>\n","protected":false},"excerpt":{"rendered":"<p>La Ley 27.043 declara de Inter\u00e9s Nacional el Abordaje Integral e Interdisciplinario de las Personas que presentan Trastornos del Espectro Autista (TEA), sancionada hace 5 a\u00f1os la misma no estaba reglamentada y luego de varios a\u00f1os de lucha, tanto desde los grupos TGD \u2013 Padres TEA junto a otros Organismos e Instituciones, se obtuvo su [&hellip;]<\/p>\n","protected":false},"author":1,"featured_media":9881,"comment_status":"closed","ping_status":"closed","sticky":false,"template":"","format":"standard","meta":{"footnotes":""},"categories":[4,1,6,3],"tags":[],"class_list":["post-9880","post","type-post","status-publish","format-standard","has-post-thumbnail","hentry","category-ddhh","category-noticias","category-salud","category-defensa-de-los-derechos-del-usuario-consumidor-contribuyentes"],"_links":{"self":[{"href":"https:\/\/defensoriaformosa.gob.ar\/index.php?rest_route=\/wp\/v2\/posts\/9880","targetHints":{"allow":["GET"]}}],"collection":[{"href":"https:\/\/defensoriaformosa.gob.ar\/index.php?rest_route=\/wp\/v2\/posts"}],"about":[{"href":"https:\/\/defensoriaformosa.gob.ar\/index.php?rest_route=\/wp\/v2\/types\/post"}],"author":[{"embeddable":true,"href":"https:\/\/defensoriaformosa.gob.ar\/index.php?rest_route=\/wp\/v2\/users\/1"}],"replies":[{"embeddable":true,"href":"https:\/\/defensoriaformosa.gob.ar\/index.php?rest_route=%2Fwp%2Fv2%2Fcomments&post=9880"}],"version-history":[{"count":1,"href":"https:\/\/defensoriaformosa.gob.ar\/index.php?rest_route=\/wp\/v2\/posts\/9880\/revisions"}],"predecessor-version":[{"id":9882,"href":"https:\/\/defensoriaformosa.gob.ar\/index.php?rest_route=\/wp\/v2\/posts\/9880\/revisions\/9882"}],"wp:featuredmedia":[{"embeddable":true,"href":"https:\/\/defensoriaformosa.gob.ar\/index.php?rest_route=\/wp\/v2\/media\/9881"}],"wp:attachment":[{"href":"https:\/\/defensoriaformosa.gob.ar\/index.php?rest_route=%2Fwp%2Fv2%2Fmedia&parent=9880"}],"wp:term":[{"taxonomy":"category","embeddable":true,"href":"https:\/\/defensoriaformosa.gob.ar\/index.php?rest_route=%2Fwp%2Fv2%2Fcategories&post=9880"},{"taxonomy":"post_tag","embeddable":true,"href":"https:\/\/defensoriaformosa.gob.ar\/index.php?rest_route=%2Fwp%2Fv2%2Ftags&post=9880"}],"curies":[{"name":"wp","href":"https:\/\/api.w.org\/{rel}","templated":true}]}}