{"id":9875,"date":"2019-11-20T15:36:52","date_gmt":"2019-11-20T18:36:52","guid":{"rendered":"http:\/\/2015.defensoriaformosa.gob.ar\/?p=9875"},"modified":"2019-11-20T15:36:52","modified_gmt":"2019-11-20T18:36:52","slug":"informo-la-defensoria-que-formosa-no-adhiere-al-protocolo-de-abortos-no-punibles-dictado-por-la-secretaria-de-salud","status":"publish","type":"post","link":"https:\/\/defensoriaformosa.gob.ar\/?p=9875","title":{"rendered":"INFORMO LA DEFENSORIA QUE FORMOSA NO ADHIERE AL PROTOCOLO DE ABORTOS NO PUNIBLES DICTADO POR LA SECRETARIA DE SALUD"},"content":{"rendered":"<p><strong>Frente al anuncio realizado por el Presidente electo de nuestro pa\u00eds Alberto Fern\u00e1ndez, quien afirm\u00f3 que impulsar\u00e1 un Proyecto de Legalizaci\u00f3n del aborto, con la intenci\u00f3n de que se apruebe cuanto antes; desde la -Direcci\u00f3n de Derechos Humanos- de la Defensor\u00eda del Pueblo de la Provincia de Formosa, Institucionalmente se record\u00f3 la postura que se viene teniendo desde hace a\u00f1os sobre el particular en cuanto a defender siempre la vida y estar a favor de la misma.<\/strong><\/p>\n<p><!--more--><\/p>\n<p>En este sentido, se denunci\u00f3 p\u00fablicamente las contrariedades en que incurren quienes nos gobiernan, como en el caso del Presidente Mauricio Macri, \u201cquien primero dio v\u00eda libre al debate del aborto en el Congreso, pero luego durante la campa\u00f1a electoral de este a\u00f1o, enarbolo un discurso, -pro-vida- para conquistar a los -votos celestes- que se identifican en contra del aborto legal\u201d. El Ombudsman Provincial Dr. Jos\u00e9 Leonardo Gialluca, se\u00f1al\u00f3 que es imperioso clarificar dos situaciones. Por un lado, sostuvo que, si en nuestro Pa\u00eds se llegase a despenalizar el aborto, \u201cesto no quiere decir que se lo convierta en obligatorio\u201d y por lo tanto quienes estamos en contra del mismo, continuaremos manteniendo nuestras ideas de que Dios es el \u00fanico que -da y quita la vida-\u201d. No se es ni m\u00e1s retrogrado ni m\u00e1s conservador porque nos enrolemos con una u otra postura, toda vez que existe algo que siempre nos olvidamos y que es la problem\u00e1tica de salud p\u00fablica que tenemos que resolver cuanto antes en Argentina en relaci\u00f3n al aborto. La otra situaci\u00f3n, tiene que ver con la Resoluci\u00f3n publicada en el Bolet\u00edn Oficial, por la Secretar\u00eda de Salud de la Naci\u00f3n, que aprob\u00f3 ayer la actualizaci\u00f3n del Protocolo para la Interrupci\u00f3n Legal del Embarazo (ILE) cuando existan problemas de salud o cuando el embarazo sea producto de una violaci\u00f3n. La Resoluci\u00f3n N\u00ba 3158\/19 detalla el Protocolo para la atenci\u00f3n integral de las personas con derecho a la Interrupci\u00f3n Legal del Embarazo (ILE). En el mismo se destaca que, en la actualidad \u00abel aborto en Argentina no es considerado delito cuando se solicite la pr\u00e1ctica para evitar un peligro para la vida o la salud de la persona embarazada, o cuando el embarazo sea producto de una violaci\u00f3n\u00bb, seg\u00fan el art\u00edculo 86\u00b0 del C\u00f3digo Penal. Adem\u00e1s, la reglamentaci\u00f3n subraya que la interrupci\u00f3n del embarazo debe ser brindada bajo los mismos par\u00e1metros que otros componentes del servicio de salud, es decir, respetando los est\u00e1ndares de calidad, accesibilidad, confidencialidad, competencia t\u00e9cnica, rango de opciones disponibles e informaci\u00f3n cient\u00edfica actualizada. Se establece la atenci\u00f3n integral de las personas con derecho a la ILE sin incurrir en discriminaci\u00f3n alguna e incluye en su l\u00ednea de atenci\u00f3n a todas las personas con posibilidad de gestar un embarazo, sin ninguna distinci\u00f3n relativa a su identidad de g\u00e9nero ni a las pr\u00e1cticas sexuales que pudiera llevar a cabo. La normativa publicada ayer, remite al fallo F.A.L. establecido por la Corte Suprema, en donde se considera que quien se encuentre en las condiciones descriptas en el art. 86 del C\u00f3digo Penal, no puede ni debe ser obligada a solicitar una autorizaci\u00f3n judicial para interrumpir su embarazo, toda vez que la ley no lo manda, como tampoco puede ni debe ser privada del derecho que le asiste a la interrupci\u00f3n del mismo ya que ello, lejos de estar prohibido, est\u00e1 permitido y no resulta punible. En relaci\u00f3n con la existencia o no de normativas que garanticen el acceso a la interrupci\u00f3n voluntaria del embarazo, actualmente 11 provincias adhieren al Protocolo para la atenci\u00f3n integral de las personas con derecho a la interrupci\u00f3n legal del mismo. Estas provincias son: Jujuy, Salta, Chaco, Santa Fe, Entre R\u00edos, Misiones, La Rioja, La Pampa, Santa Cruz y Tierra del Fuego y San Luis. Por otra parte, 5 provincias y la Ciudad Aut\u00f3noma de Buenos Aires cuentan con normativas propias en relaci\u00f3n con el acceso al aborto. Estas son: Chubut, R\u00edo Negro, Neuqu\u00e9n, Buenos Aires, C\u00f3rdoba y CABA. Finalmente, a la fecha, 7 provincias no cuentan con normativas propias, ni adhieren al protocolo elaborado por naci\u00f3n: Formosa, Santiago del Estero, Tucum\u00e1n, Corrientes, Mendoza, San Juan y Catamarca.<\/p>\n<p><img loading=\"lazy\" decoding=\"async\" class=\"aligncenter size-full wp-image-9876\" src=\"https:\/\/2015.defensoriaformosa.gob.ar\/wp-content\/uploads\/2019\/11\/INFORMO-LA-DEFENSORIA-QUE-FORMOSA-NO-ADHIERE-AL-PROTOCOLO-DE-ABORTOS-NO-PUNIBLES-DICTADO-POR-LA-SECR-500x281.jpg\" alt=\"\" width=\"500\" height=\"281\" srcset=\"https:\/\/defensoriaformosa.gob.ar\/wp-content\/uploads\/2019\/11\/INFORMO-LA-DEFENSORIA-QUE-FORMOSA-NO-ADHIERE-AL-PROTOCOLO-DE-ABORTOS-NO-PUNIBLES-DICTADO-POR-LA-SECR-500x281.jpg 500w, https:\/\/defensoriaformosa.gob.ar\/wp-content\/uploads\/2019\/11\/INFORMO-LA-DEFENSORIA-QUE-FORMOSA-NO-ADHIERE-AL-PROTOCOLO-DE-ABORTOS-NO-PUNIBLES-DICTADO-POR-LA-SECR-500x281-300x169.jpg 300w\" sizes=\"auto, (max-width: 500px) 100vw, 500px\" \/><\/p>\n<p>&nbsp;<\/p>\n","protected":false},"excerpt":{"rendered":"<p>Frente al anuncio realizado por el Presidente electo de nuestro pa\u00eds Alberto Fern\u00e1ndez, quien afirm\u00f3 que impulsar\u00e1 un Proyecto de Legalizaci\u00f3n del aborto, con la intenci\u00f3n de que se apruebe cuanto antes; desde la -Direcci\u00f3n de Derechos Humanos- de la Defensor\u00eda del Pueblo de la Provincia de Formosa, Institucionalmente se record\u00f3 la postura que se [&hellip;]<\/p>\n","protected":false},"author":1,"featured_media":9876,"comment_status":"closed","ping_status":"closed","sticky":false,"template":"","format":"standard","meta":{"footnotes":""},"categories":[1],"tags":[],"class_list":["post-9875","post","type-post","status-publish","format-standard","has-post-thumbnail","hentry","category-noticias"],"_links":{"self":[{"href":"https:\/\/defensoriaformosa.gob.ar\/index.php?rest_route=\/wp\/v2\/posts\/9875","targetHints":{"allow":["GET"]}}],"collection":[{"href":"https:\/\/defensoriaformosa.gob.ar\/index.php?rest_route=\/wp\/v2\/posts"}],"about":[{"href":"https:\/\/defensoriaformosa.gob.ar\/index.php?rest_route=\/wp\/v2\/types\/post"}],"author":[{"embeddable":true,"href":"https:\/\/defensoriaformosa.gob.ar\/index.php?rest_route=\/wp\/v2\/users\/1"}],"replies":[{"embeddable":true,"href":"https:\/\/defensoriaformosa.gob.ar\/index.php?rest_route=%2Fwp%2Fv2%2Fcomments&post=9875"}],"version-history":[{"count":1,"href":"https:\/\/defensoriaformosa.gob.ar\/index.php?rest_route=\/wp\/v2\/posts\/9875\/revisions"}],"predecessor-version":[{"id":9877,"href":"https:\/\/defensoriaformosa.gob.ar\/index.php?rest_route=\/wp\/v2\/posts\/9875\/revisions\/9877"}],"wp:featuredmedia":[{"embeddable":true,"href":"https:\/\/defensoriaformosa.gob.ar\/index.php?rest_route=\/wp\/v2\/media\/9876"}],"wp:attachment":[{"href":"https:\/\/defensoriaformosa.gob.ar\/index.php?rest_route=%2Fwp%2Fv2%2Fmedia&parent=9875"}],"wp:term":[{"taxonomy":"category","embeddable":true,"href":"https:\/\/defensoriaformosa.gob.ar\/index.php?rest_route=%2Fwp%2Fv2%2Fcategories&post=9875"},{"taxonomy":"post_tag","embeddable":true,"href":"https:\/\/defensoriaformosa.gob.ar\/index.php?rest_route=%2Fwp%2Fv2%2Ftags&post=9875"}],"curies":[{"name":"wp","href":"https:\/\/api.w.org\/{rel}","templated":true}]}}