{"id":9872,"date":"2019-11-19T16:23:21","date_gmt":"2019-11-19T19:23:21","guid":{"rendered":"http:\/\/2015.defensoriaformosa.gob.ar\/?p=9872"},"modified":"2019-11-19T16:23:21","modified_gmt":"2019-11-19T19:23:21","slug":"afirmo-la-defensoria-que-se-hace-dificil-recordar-la-declaracion-de-los-derechos-del-nino-cuando-en-argentina-1-de-cada-2-ninos-son-pobres-y-padecen-necesidades-alimentarias","status":"publish","type":"post","link":"https:\/\/defensoriaformosa.gob.ar\/?p=9872","title":{"rendered":"AFIRMO LA DEFENSORIA QUE SE HACE DIFICIL RECORDAR LA DECLARACION DE LOS DERECHOS DEL NI\u00d1O, \u201cCUANDO EN ARGENTINA 1 DE CADA 2 NI\u00d1OS SON POBRES Y PADECEN NECESIDADES ALIMENTARIAS\u201d"},"content":{"rendered":"<p><strong>La Convenci\u00f3n sobre los Derechos del Ni\u00f1o (CDN) es el primer acuerdo universal legalmente vinculante que reconoce como individuos independientes con derechos no negociables a los ni\u00f1os, definidos como todas las personas menores de 18 a\u00f1os, salvo que hubieran alcanzado antes la mayor\u00eda de edad en virtud de la legislaci\u00f3n aplicable (art\u00edculo 1 de la CDN). <\/strong><\/p>\n<p><!--more--><\/p>\n<p>Es que hoy, se recuerda el D\u00eda Universal del Ni\u00f1o, que se celebra todos los a\u00f1os el 20 de noviembre, en un d\u00eda dedicado a todos los ni\u00f1os y ni\u00f1as del mundo, por ello la Defensor\u00eda del Pueblo de la Provincia particip\u00f3 ayer de una jornada llevada a cabo en la E.P.E.S. N\u00b054 Gdor. Juan Jos\u00e9 Silva y de la cual participaron adem\u00e1s la Direcci\u00f3n Fortalecimiento Familiar, el \u00c1rea Provincial de Adolescentes Infractores, la Direcci\u00f3n de Ni\u00f1ez y Adolescencia, la Direcci\u00f3n de Discapacidad de la Provincia y el Caiju. Todas las exposiciones giraron en torno a la necesidad de una Ley Penal Juvenil y conocer las competencias y alcances de cada Organismo para poder as\u00ed trabajar coordinadamente en beneficio de todos los ni\u00f1os. El Ombudsman Provincial Dr. Jos\u00e9 Leonardo Gialluca, se\u00f1al\u00f3 que este d\u00eda es un d\u00eda de celebraci\u00f3n por los avances conseguidos, pero sobre todo es un d\u00eda para llamar la atenci\u00f3n sobre la situaci\u00f3n de los ni\u00f1os m\u00e1s desfavorecidos, ya que la pobreza y la indigencia viene en los \u00faltimos cuatro a\u00f1os golpeando muy fuertemente a todas estas franjas sociales, siendo uno de cada dos ni\u00f1os menores de 14 a\u00f1os pobres en nuestro Pa\u00eds y adem\u00e1s el INDEC destaca que m\u00e1s de la mitad de los chicos del pa\u00eds son pobres. No obstante lo cual desde la Defensor\u00eda del Pueblo, se\u00f1alaron que el pr\u00f3ximo Congreso de la Naci\u00f3n, tendr\u00e1 que resolver temas altamente sensibles como lo es una Ley Penal Juvenil que pueda ser aplicada sin inconvenientes en nuestro Pa\u00eds dado los Tratados Internacionales y Convenciones a las que hemos adherido y debemos respetar; y tambi\u00e9n siendo conscientes de que se debe terminar con el hambre en los ni\u00f1os y para todos los habitantes de nuestra Rep\u00fablica, no podemos dejar de mencionar que tenemos que hacernos cargo tambi\u00e9n de las amenazas de los cambios clim\u00e1ticos sobre los derechos del ni\u00f1o, ya que esto tambi\u00e9n pone en peligro sus derechos y hasta su propia vida, su salud, su educaci\u00f3n, es por eso que hoy observamos c\u00f3mo nuestro R\u00edo Pilcomayo con sus toneladas de sedimento ha destruido escuelas, centros de salud y tenemos por ello muy presente las quejas ante el Comit\u00e9 de los Derechos de Ni\u00f1o en la ONU denunciando la vulneraci\u00f3n de sus derechos contra 5 pa\u00edses Argentina, Brasil, Francia, Alemania y Turqu\u00eda, que seg\u00fan los denunciantes ignoran el cambio clim\u00e1tico y sus consecuencias.<\/p>\n","protected":false},"excerpt":{"rendered":"<p>La Convenci\u00f3n sobre los Derechos del Ni\u00f1o (CDN) es el primer acuerdo universal legalmente vinculante que reconoce como individuos independientes con derechos no negociables a los ni\u00f1os, definidos como todas las personas menores de 18 a\u00f1os, salvo que hubieran alcanzado antes la mayor\u00eda de edad en virtud de la legislaci\u00f3n aplicable (art\u00edculo 1 de la [&hellip;]<\/p>\n","protected":false},"author":1,"featured_media":9873,"comment_status":"closed","ping_status":"closed","sticky":false,"template":"","format":"standard","meta":{"footnotes":""},"categories":[4,1,6],"tags":[],"class_list":["post-9872","post","type-post","status-publish","format-standard","has-post-thumbnail","hentry","category-ddhh","category-noticias","category-salud"],"_links":{"self":[{"href":"https:\/\/defensoriaformosa.gob.ar\/index.php?rest_route=\/wp\/v2\/posts\/9872","targetHints":{"allow":["GET"]}}],"collection":[{"href":"https:\/\/defensoriaformosa.gob.ar\/index.php?rest_route=\/wp\/v2\/posts"}],"about":[{"href":"https:\/\/defensoriaformosa.gob.ar\/index.php?rest_route=\/wp\/v2\/types\/post"}],"author":[{"embeddable":true,"href":"https:\/\/defensoriaformosa.gob.ar\/index.php?rest_route=\/wp\/v2\/users\/1"}],"replies":[{"embeddable":true,"href":"https:\/\/defensoriaformosa.gob.ar\/index.php?rest_route=%2Fwp%2Fv2%2Fcomments&post=9872"}],"version-history":[{"count":1,"href":"https:\/\/defensoriaformosa.gob.ar\/index.php?rest_route=\/wp\/v2\/posts\/9872\/revisions"}],"predecessor-version":[{"id":9874,"href":"https:\/\/defensoriaformosa.gob.ar\/index.php?rest_route=\/wp\/v2\/posts\/9872\/revisions\/9874"}],"wp:featuredmedia":[{"embeddable":true,"href":"https:\/\/defensoriaformosa.gob.ar\/index.php?rest_route=\/wp\/v2\/media\/9873"}],"wp:attachment":[{"href":"https:\/\/defensoriaformosa.gob.ar\/index.php?rest_route=%2Fwp%2Fv2%2Fmedia&parent=9872"}],"wp:term":[{"taxonomy":"category","embeddable":true,"href":"https:\/\/defensoriaformosa.gob.ar\/index.php?rest_route=%2Fwp%2Fv2%2Fcategories&post=9872"},{"taxonomy":"post_tag","embeddable":true,"href":"https:\/\/defensoriaformosa.gob.ar\/index.php?rest_route=%2Fwp%2Fv2%2Ftags&post=9872"}],"curies":[{"name":"wp","href":"https:\/\/api.w.org\/{rel}","templated":true}]}}