{"id":9861,"date":"2019-11-17T14:48:06","date_gmt":"2019-11-17T17:48:06","guid":{"rendered":"http:\/\/2015.defensoriaformosa.gob.ar\/?p=9861"},"modified":"2019-11-17T14:48:06","modified_gmt":"2019-11-17T17:48:06","slug":"se-denuncio-desde-la-defensoria-fuertes-remarcaciones-de-precios-de-las-empresas-y-supermercados-especulando-ante-un-futuro-acuerdo-social-con-congelamiento-de-precios-que-impulsara-el-nu","status":"publish","type":"post","link":"https:\/\/defensoriaformosa.gob.ar\/?p=9861","title":{"rendered":"SE DENUNCIO DESDE LA DEFENSORIA, \u201cFUERTES REMARCACIONES DE PRECIOS DE LAS EMPRESAS Y SUPERMERCADOS, ESPECULANDO ANTE UN FUTURO -ACUERDO SOCIAL- CON CONGELAMIENTO DE PRECIOS QUE IMPULSARA EL NUEVO GOBIERNO NACIONAL ELECTO\u201d"},"content":{"rendered":"<p><strong>\u00a0El Defensor del Pueblo, denunci\u00f3 que, \u201ctodos los actores de la cadena de comercializaci\u00f3n de alimentos, vienen armando -un colch\u00f3n- dado que todos ellos est\u00e1n -especulando-, especialmente los empresarios y supermercadistas con un posible -congelamiento de precios convenidos- que surgir\u00eda de un -Acuerdo Social- que ya ha propuesto el nuevo Gobierno Nacional que asumir\u00e1 el 10 de diciembre en Argentina\u201d- <\/strong><\/p>\n<p><!--more--><br \/>\nEl Instituto Nacional de Estad\u00edstica y Censo (INDEC), inform\u00f3 que la inflaci\u00f3n de octubre fue del 3,3%, lo que es rechazado por las consultoras privadas que denuncian un 4,2% y adem\u00e1s por el Instituto Estad\u00edstico de los Trabajadores (IET) de la Universidad Metropolitana (UMET) que oficia de Observatorio de precios para la CGT y la CTA, la inflaci\u00f3n en octubre fue del 4,1%. Por otra parte, un estudio del Relevamiento de Expectativas de Mercado del BCRA, la suba de precios en octubre habr\u00eda alcanzado un 4,2%. Las consultoras de las que se nutre el informe ya estiman una suba de precios acumulada para todo 2019 de 55,6% y de un 59,5% para la denominada \u201cinflaci\u00f3n n\u00facleo\u201d. Desde la Defensor\u00eda del Pueblo de la Provincia de Formosa, se denunci\u00f3 que, \u201csi la inflaci\u00f3n volviera a ser del 4% en noviembre y en diciembre, 2019 habr\u00e1 registrado una suba de precios promedio cercana al 54%, seis puntos m\u00e1s alta que la del a\u00f1o pasado y, por lo tanto, la m\u00e1s elevada desde 1991\u2033. Asimismo, se inform\u00f3 que, desde noviembre de 2015, el salario real se contrajo 18,5%. Se trata de la ca\u00edda m\u00e1s profunda del salario real desde 2001. Hoy el poder adquisitivo de los consumidores se encuentra en niveles de 2007, al igual que las cifras de pobreza. El Ombudsman Provincial Dr. Jos\u00e9 Leonardo Gialluca, afirm\u00f3 que estamos recibiendo reclamos y denuncias de los consumidores de nuestra provincia acerca de fuertes remarcaciones de precios por parte de los grandes supermercados que, en nombre de un hipot\u00e9tico congelamiento que emanar\u00eda del Acuerdo Social que propone el futuro Presidente Alberto Fern\u00e1ndez. A todo esto, tenemos que sumarle el fin del periodo de vigencia del Programa de Precios Esenciales, mediante el cual el Gobierno Nacional congel\u00f3 durante 6 meses unos 64 productos, aquella iniciativa que mantuvo los precios de productos b\u00e1sicos de segundas y terceras marcas por seis meses all\u00e1 por mayo, lleg\u00f3 a su fin. Si bien se especulaba con que el Gobierno Nacional buscar\u00eda extenderlo al menos hasta fin de a\u00f1o, las grandes empresas de consumo masivo no fueron llamadas. El Defensor del Pueblo, denunci\u00f3 que, \u201ctodos los actores de la cadena de comercializaci\u00f3n de alimentos, vienen armando -un colch\u00f3n- dado que todos ellos est\u00e1n especulando, especialmente los empresarios con un posible congelamiento de precios que surgir\u00eda del -Acuerdo Social- que ya ha propuesto el nuevo Gobierno Nacional que asumir\u00e1 el 10 de diciembre en Argentina\u201d. Por ello, entendemos que este 3,3% de inflaci\u00f3n del mes de octubre y su contradicci\u00f3n con las otras mediciones antes citadas, nos llevan a afirmar que el Gobierno de Mauricio Macri, \u201cha dibujado este n\u00famero para irse con una inflaci\u00f3n no tan alta y fundamentalmente para sumarle m\u00e1s inconvenientes al pr\u00f3ximo Gobierno Nacional, ya que a la actitud especulativa de los empresarios, le debemos sumar las subas de los combustibles, el fin de la quita del IVA para 14 categor\u00edas de alimentos de la Canasta B\u00e1sica y la finalizaci\u00f3n del Programa de Precios Esenciales\u201d. Por otra parte, se subray\u00f3 que todas las entidades nucleadas en ADEBA (Asociaci\u00f3n de Bancos Argentinos), \u201cpiden pasar de una quita del IVA en los alimentos a una devoluci\u00f3n directa al consumidor\u201d. Todo esto frente a las fuertes remarcaciones en los productos alimenticios, bebidas, indumentaria y calzado, medicamentos que ya lleva una inflaci\u00f3n del 42,2% en lo acumulado del 2019; frente al no funcionamiento y aceptaci\u00f3n de la quita del IVA, como un paliativo de emergencia del Gobierno de Mauricio Macri, solicitamos que el mismo sea reemplazado por un sistema de quita del IVA para los sectores de menores ingresos o m\u00e1s vulnerables, limit\u00e1ndolos a ellos ya que estas grandes franjas sociales poseen una caja de ahorro gratuita y una tarjeta de debito asociada. Es aqu\u00ed donde la devoluci\u00f3n del IVA sobre pagos con este \u00faltimo elemento, permitir\u00e1 impulsar el consumo y esta propuesta de devoluci\u00f3n del IVA a los consumidores que paguen en forma bancarizada, es mucho m\u00e1s eficiente y no trae tantos problemas como la quita del IVA y seguramente redundar\u00e1 en un mayor consumo que beneficiar\u00e1 a la gente y a los comercios.<\/p>\n","protected":false},"excerpt":{"rendered":"<p>\u00a0El Defensor del Pueblo, denunci\u00f3 que, \u201ctodos los actores de la cadena de comercializaci\u00f3n de alimentos, vienen armando -un colch\u00f3n- dado que todos ellos est\u00e1n -especulando-, especialmente los empresarios y supermercadistas con un posible -congelamiento de precios convenidos- que surgir\u00eda de un -Acuerdo Social- que ya ha propuesto el nuevo Gobierno Nacional que asumir\u00e1 el [&hellip;]<\/p>\n","protected":false},"author":1,"featured_media":9863,"comment_status":"closed","ping_status":"closed","sticky":false,"template":"","format":"standard","meta":{"footnotes":""},"categories":[1,3],"tags":[],"class_list":["post-9861","post","type-post","status-publish","format-standard","has-post-thumbnail","hentry","category-noticias","category-defensa-de-los-derechos-del-usuario-consumidor-contribuyentes"],"_links":{"self":[{"href":"https:\/\/defensoriaformosa.gob.ar\/index.php?rest_route=\/wp\/v2\/posts\/9861","targetHints":{"allow":["GET"]}}],"collection":[{"href":"https:\/\/defensoriaformosa.gob.ar\/index.php?rest_route=\/wp\/v2\/posts"}],"about":[{"href":"https:\/\/defensoriaformosa.gob.ar\/index.php?rest_route=\/wp\/v2\/types\/post"}],"author":[{"embeddable":true,"href":"https:\/\/defensoriaformosa.gob.ar\/index.php?rest_route=\/wp\/v2\/users\/1"}],"replies":[{"embeddable":true,"href":"https:\/\/defensoriaformosa.gob.ar\/index.php?rest_route=%2Fwp%2Fv2%2Fcomments&post=9861"}],"version-history":[{"count":1,"href":"https:\/\/defensoriaformosa.gob.ar\/index.php?rest_route=\/wp\/v2\/posts\/9861\/revisions"}],"predecessor-version":[{"id":9864,"href":"https:\/\/defensoriaformosa.gob.ar\/index.php?rest_route=\/wp\/v2\/posts\/9861\/revisions\/9864"}],"wp:featuredmedia":[{"embeddable":true,"href":"https:\/\/defensoriaformosa.gob.ar\/index.php?rest_route=\/wp\/v2\/media\/9863"}],"wp:attachment":[{"href":"https:\/\/defensoriaformosa.gob.ar\/index.php?rest_route=%2Fwp%2Fv2%2Fmedia&parent=9861"}],"wp:term":[{"taxonomy":"category","embeddable":true,"href":"https:\/\/defensoriaformosa.gob.ar\/index.php?rest_route=%2Fwp%2Fv2%2Fcategories&post=9861"},{"taxonomy":"post_tag","embeddable":true,"href":"https:\/\/defensoriaformosa.gob.ar\/index.php?rest_route=%2Fwp%2Fv2%2Ftags&post=9861"}],"curies":[{"name":"wp","href":"https:\/\/api.w.org\/{rel}","templated":true}]}}