{"id":9837,"date":"2019-11-13T16:19:31","date_gmt":"2019-11-13T19:19:31","guid":{"rendered":"http:\/\/2015.defensoriaformosa.gob.ar\/?p=9837"},"modified":"2019-11-13T16:19:31","modified_gmt":"2019-11-13T19:19:31","slug":"solicito-la-defensoria-al-ministerio-de-desarrollo-humano-deslinde-responsabilidades-administrativas-en-el-caso-del-director-del-centro-de-salud-de-posta-cambio-zalazar","status":"publish","type":"post","link":"https:\/\/defensoriaformosa.gob.ar\/?p=9837","title":{"rendered":"SOLICITO LA DEFENSOR\u00cdA AL MINISTERIO DE DESARROLLO HUMANO DESLINDE RESPONSABILIDADES ADMINISTRATIVAS EN EL CASO DEL DIRECTOR DEL CENTRO DE SALUD DE POSTA CAMBIO ZALAZAR"},"content":{"rendered":"<p><strong>Todo ello independientemente de la necesaria intervenci\u00f3n de la Polic\u00eda de la Provincia y de la Justicia Penal Provincial Competente.<\/strong><\/p>\n<p><!--more--><br \/>\nDesde la Direcci\u00f3n de Salud y Vivienda de la Defensor\u00eda del Pueblo de la Provincia de Formosa, y dando respuesta a los vecinos de la Localidad de Posta Cambio Zalazar, se pidi\u00f3 formalmente una exhaustiva investigaci\u00f3n y apertura de sumario administrativo por el caso del ni\u00f1o de siete (7) a\u00f1os que falleciera como consecuencia de la picadura de alacr\u00e1n, cuando era trasladado hacia la ciudad de Formosa.<br \/>\nEl Defensor del Pueblo Dr. Jos\u00e9 Leonardo Gialluca, expreso que Institucionalmente el Ministerio de Desarrollo Humano, debe esclarecer y deslindar responsabilidades en este caso puntual, donde se esta acusando a un profesional de la medicina que estar\u00eda a cargo de un Centro de Salud de nuestro interior provincial y que podr\u00eda haber incurrido en negligencia o incumplimiento de los deberes de funcionario p\u00fablico, sin que ello implique que la justicia penal de la tercera circunscripci\u00f3n con asiento en la Ciudad de Las Lomitas, intervenga conjuntamente con la Polic\u00eda de la Provincia, para conocer la verdad real de los hechos y \u201cpoder dar una respuesta desde el Estado Provincial no solamente a los padres de este menor, sino tambi\u00e9n a todos los vecinos de Posta Cambio Zalazar a quienes se les tienen que garantizar el derecho humano a la salud y a la salubridad publica, m\u00e1s all\u00e1 de las acciones o inconductas en este caso del profesional a cargo del centro de salud antes citado\u201d.<\/p>\n","protected":false},"excerpt":{"rendered":"<p>Todo ello independientemente de la necesaria intervenci\u00f3n de la Polic\u00eda de la Provincia y de la Justicia Penal Provincial Competente.<\/p>\n","protected":false},"author":1,"featured_media":9838,"comment_status":"closed","ping_status":"closed","sticky":false,"template":"","format":"standard","meta":{"footnotes":""},"categories":[1,3],"tags":[],"class_list":["post-9837","post","type-post","status-publish","format-standard","has-post-thumbnail","hentry","category-noticias","category-defensa-de-los-derechos-del-usuario-consumidor-contribuyentes"],"_links":{"self":[{"href":"https:\/\/defensoriaformosa.gob.ar\/index.php?rest_route=\/wp\/v2\/posts\/9837","targetHints":{"allow":["GET"]}}],"collection":[{"href":"https:\/\/defensoriaformosa.gob.ar\/index.php?rest_route=\/wp\/v2\/posts"}],"about":[{"href":"https:\/\/defensoriaformosa.gob.ar\/index.php?rest_route=\/wp\/v2\/types\/post"}],"author":[{"embeddable":true,"href":"https:\/\/defensoriaformosa.gob.ar\/index.php?rest_route=\/wp\/v2\/users\/1"}],"replies":[{"embeddable":true,"href":"https:\/\/defensoriaformosa.gob.ar\/index.php?rest_route=%2Fwp%2Fv2%2Fcomments&post=9837"}],"version-history":[{"count":1,"href":"https:\/\/defensoriaformosa.gob.ar\/index.php?rest_route=\/wp\/v2\/posts\/9837\/revisions"}],"predecessor-version":[{"id":9839,"href":"https:\/\/defensoriaformosa.gob.ar\/index.php?rest_route=\/wp\/v2\/posts\/9837\/revisions\/9839"}],"wp:featuredmedia":[{"embeddable":true,"href":"https:\/\/defensoriaformosa.gob.ar\/index.php?rest_route=\/wp\/v2\/media\/9838"}],"wp:attachment":[{"href":"https:\/\/defensoriaformosa.gob.ar\/index.php?rest_route=%2Fwp%2Fv2%2Fmedia&parent=9837"}],"wp:term":[{"taxonomy":"category","embeddable":true,"href":"https:\/\/defensoriaformosa.gob.ar\/index.php?rest_route=%2Fwp%2Fv2%2Fcategories&post=9837"},{"taxonomy":"post_tag","embeddable":true,"href":"https:\/\/defensoriaformosa.gob.ar\/index.php?rest_route=%2Fwp%2Fv2%2Ftags&post=9837"}],"curies":[{"name":"wp","href":"https:\/\/api.w.org\/{rel}","templated":true}]}}