{"id":9819,"date":"2019-11-10T21:10:15","date_gmt":"2019-11-11T00:10:15","guid":{"rendered":"http:\/\/2015.defensoriaformosa.gob.ar\/?p=9819"},"modified":"2019-11-10T21:26:06","modified_gmt":"2019-11-11T00:26:06","slug":"comunicado-sobre-la-situacion-en-el-hermano-pais-de-bolivia","status":"publish","type":"post","link":"https:\/\/defensoriaformosa.gob.ar\/?p=9819","title":{"rendered":"LAS DEFENSOR\u00cdAS DEL PUEBLO DE LA ARGENTINA INCLUIDA FORMOSA DENUNCIARON UN GOLPE DE ESTADO EN BOLIVIA"},"content":{"rendered":"<p><strong>Las Defensoras y Defensores del Pueblo de la Rep\u00fablica Argentina manifestamos nuestra profunda preocupaci\u00f3n por los hechos acontecidos en la Rep\u00fablica Plurinacional de Bolivia, que llevaron a la renuncia al Presidente Evo Morales Ayma.<\/strong><\/p>\n<p><!--more--><br \/>\nClaramente hay un proceso de interrupci\u00f3n institucional que configura un golpe de estado. El respeto a la voluntad del pueblo solo se configura en democracia por medio del voto. Vigencia plena de la democracia y defensa irrestricta de los derechos humanos.<br \/>\nEnviamos toda nuestra solidaridad a las personas y familias que han sido v\u00edctimas de diversos actos de violencia, que van desde la humillaci\u00f3n de autoridades democr\u00e1ticamente elegidas, hasta la invasi\u00f3n, saqueo y quema de casas; y secuestro y amenazas de familiares.<br \/>\nReafirmamos nuestra convicci\u00f3n de que la resoluci\u00f3n de los conflictos pol\u00edticos debe encausarse por v\u00eda de canales institucionales, ponderando la voluntad popular como la \u00fanica alternativa capaz de poner fin a esta incertidumbre pol\u00edtica que no hace sino perjudicar al pa\u00eds y la poblaci\u00f3n en su conjunto.<br \/>\nAsimismo, nos ponemos a disposici\u00f3n de la Defensor\u00eda del Pueblo de Bolivia para cualquier asistencia que pueda requerir en estos momentos cruciales para la historia del pa\u00eds y de la regi\u00f3n.<\/p>\n","protected":false},"excerpt":{"rendered":"<p>Las Defensoras y Defensores del Pueblo de la Rep\u00fablica Argentina manifestamos nuestra profunda preocupaci\u00f3n por los hechos acontecidos en la Rep\u00fablica Plurinacional de Bolivia, que llevaron a la renuncia al Presidente Evo Morales Ayma.<\/p>\n","protected":false},"author":1,"featured_media":8047,"comment_status":"closed","ping_status":"closed","sticky":false,"template":"","format":"standard","meta":{"footnotes":""},"categories":[4,1,3],"tags":[],"class_list":["post-9819","post","type-post","status-publish","format-standard","has-post-thumbnail","hentry","category-ddhh","category-noticias","category-defensa-de-los-derechos-del-usuario-consumidor-contribuyentes"],"_links":{"self":[{"href":"https:\/\/defensoriaformosa.gob.ar\/index.php?rest_route=\/wp\/v2\/posts\/9819","targetHints":{"allow":["GET"]}}],"collection":[{"href":"https:\/\/defensoriaformosa.gob.ar\/index.php?rest_route=\/wp\/v2\/posts"}],"about":[{"href":"https:\/\/defensoriaformosa.gob.ar\/index.php?rest_route=\/wp\/v2\/types\/post"}],"author":[{"embeddable":true,"href":"https:\/\/defensoriaformosa.gob.ar\/index.php?rest_route=\/wp\/v2\/users\/1"}],"replies":[{"embeddable":true,"href":"https:\/\/defensoriaformosa.gob.ar\/index.php?rest_route=%2Fwp%2Fv2%2Fcomments&post=9819"}],"version-history":[{"count":2,"href":"https:\/\/defensoriaformosa.gob.ar\/index.php?rest_route=\/wp\/v2\/posts\/9819\/revisions"}],"predecessor-version":[{"id":9821,"href":"https:\/\/defensoriaformosa.gob.ar\/index.php?rest_route=\/wp\/v2\/posts\/9819\/revisions\/9821"}],"wp:featuredmedia":[{"embeddable":true,"href":"https:\/\/defensoriaformosa.gob.ar\/index.php?rest_route=\/wp\/v2\/media\/8047"}],"wp:attachment":[{"href":"https:\/\/defensoriaformosa.gob.ar\/index.php?rest_route=%2Fwp%2Fv2%2Fmedia&parent=9819"}],"wp:term":[{"taxonomy":"category","embeddable":true,"href":"https:\/\/defensoriaformosa.gob.ar\/index.php?rest_route=%2Fwp%2Fv2%2Fcategories&post=9819"},{"taxonomy":"post_tag","embeddable":true,"href":"https:\/\/defensoriaformosa.gob.ar\/index.php?rest_route=%2Fwp%2Fv2%2Ftags&post=9819"}],"curies":[{"name":"wp","href":"https:\/\/api.w.org\/{rel}","templated":true}]}}