{"id":9810,"date":"2019-11-09T19:08:43","date_gmt":"2019-11-09T22:08:43","guid":{"rendered":"http:\/\/2015.defensoriaformosa.gob.ar\/?p=9810"},"modified":"2019-11-09T19:08:43","modified_gmt":"2019-11-09T22:08:43","slug":"afirmo-la-defensoria-que-ante-las-permanentes-irregularidades-el-transporte-publico-en-formosa-esta-en-crisis-y-demandaremos-a-todos-los-responsables","status":"publish","type":"post","link":"https:\/\/defensoriaformosa.gob.ar\/?p=9810","title":{"rendered":"AFIRMO LA DEFENSOR\u00cdA QUE ANTE LAS PERMANENTES IRREGULARIDADES EL TRANSPORTE P\u00daBLICO EN FORMOSA ESTA EN CRISIS Y DEMANDAREMOS A TODOS LOS RESPONSABLES"},"content":{"rendered":"<p><strong>Desde que se hizo cargo Crucero del Sur Agrupaci\u00f3n, nadie se ocupa de hacerle cumplir sus obligaciones, en el medio ha quedado atrapado lamentablemente el usuario que necesita del servicio y que este sea regular-<\/strong><\/p>\n<p><strong><!--more--><\/strong><\/p>\n<p>La Defensor\u00eda del Pueblo de la Provincia, por intermedio de su Direcci\u00f3n de Defensa de los Usuarios y Consumidores, Relaciones de Consumo, curs\u00f3 sendas instancias a los apoderados de la Empresa Crucero del Sur Agrupaci\u00f3n, Dres. Horacio Lozina y Alejandro Azcurra, a los efectos de que la transportista \u201cnormalice\u201d el servicio p\u00fablico de transporte urbano de pasajeros en esta capital, habida cuenta de que la prestaci\u00f3n del mismo se da \u201cde manera reducida\u201d con 32 unidades afectadas al mismo, dado un conflicto salarial que mantiene la empresa con sus empleados. De igual manera, el Organismo de la Constituci\u00f3n, requiri\u00f3 al Subsecretario de Transporte y Emergencia de la Municipalidad de la Ciudad de Formosa, Dr. Jos\u00e9 Olmedo, que active los mecanismos necesarios para que el servicio se regularice, en los t\u00e9rminos del Contrato de Concesi\u00f3n actualmente vigente, el cual impone a Crucero del Sur Agrupaci\u00f3n la obligaci\u00f3n de brindar un servicio eficaz y eficiente, siendo un requisito ineludible el cumplimiento de las frecuencias m\u00ednimas, debi\u00e9ndose considerar una medida de fuerza (paro) como una situaci\u00f3n \u201can\u00f3mala\u201d que somete a los usuarios a esperas que superan las dos horas. Por otro lado, desde el Organismo de la Constituci\u00f3n se remarc\u00f3 que, de llevarse adelante una medida de fuerza por parte de los choferes, por demoras en el cobro de sus salarios, por ejemplo, tal situaci\u00f3n no fue conocida por la Defensor\u00eda, sino hasta la sorpresiva reducci\u00f3n del servicio. Es decir, por parte del Sindicato que agrupa a los choferes no se habr\u00eda activado el procedimiento preventivo de crisis previsto por la normativa que regula las relaciones laborales. No obstante lo cual, el Ombudsman Provincial, Jos\u00e9 Leonardo Gialluca, dej\u00f3 a salvo el derecho de llevar adelante medidas de fuerzas que cabe a los empleados de las empresas por razones legalmente previstas. Lo que sucede es que existen pasos que la representaci\u00f3n gremial debe cumplir, previo a la concreci\u00f3n de un paro y al parecer tales extremos no concurren en este caso. Es por ello que ser\u00eda bueno que la Subsecretar\u00eda de Trabajo de la Provincia, se involucre en la cuesti\u00f3n en aras de que se logre una pronta soluci\u00f3n al conflicto existente que, una vez m\u00e1s pone de rehenes a los usuarios del servicio. Extraoficialmente, subray\u00f3 el funcionario, se inform\u00f3 que el problema habr\u00eda surgido ante la imposibilidad de realizaci\u00f3n de una transferencia bancaria a favor de Crucero del Sur lo cual privar\u00eda a la empresa de la posibilidad de pago a sus empleados, pero tal circunstancia no nos consta, por lo que por ahora, hemos instado a la transportista, al gremio y a la municipalidad, en la convicci\u00f3n de que un acuerdo entre las partes pueda hacer que el servicio p\u00fablico de transporte de pasajeros en la capital se normalice antes de iniciada la semana pr\u00f3xima. M\u00e1s a\u00fan si se tiene en cuenta que una de los principales reclamos de los usuarios se centra, precisamente, en la excesiva demora en la frecuencia de las unidades, lo que lleva a los mismos en situaci\u00f3n normal a esperar prolongados periodos de tiempo. Circunstancia esta agravada actualmente en virtud de la medida adoptada sorpresivamente. &#8211;<\/p>\n","protected":false},"excerpt":{"rendered":"<p>Desde que se hizo cargo Crucero del Sur Agrupaci\u00f3n, nadie se ocupa de hacerle cumplir sus obligaciones, en el medio ha quedado atrapado lamentablemente el usuario que necesita del servicio y que este sea regular-<\/p>\n","protected":false},"author":1,"featured_media":9811,"comment_status":"closed","ping_status":"closed","sticky":false,"template":"","format":"standard","meta":{"footnotes":""},"categories":[3],"tags":[],"class_list":["post-9810","post","type-post","status-publish","format-standard","has-post-thumbnail","hentry","category-defensa-de-los-derechos-del-usuario-consumidor-contribuyentes"],"_links":{"self":[{"href":"https:\/\/defensoriaformosa.gob.ar\/index.php?rest_route=\/wp\/v2\/posts\/9810","targetHints":{"allow":["GET"]}}],"collection":[{"href":"https:\/\/defensoriaformosa.gob.ar\/index.php?rest_route=\/wp\/v2\/posts"}],"about":[{"href":"https:\/\/defensoriaformosa.gob.ar\/index.php?rest_route=\/wp\/v2\/types\/post"}],"author":[{"embeddable":true,"href":"https:\/\/defensoriaformosa.gob.ar\/index.php?rest_route=\/wp\/v2\/users\/1"}],"replies":[{"embeddable":true,"href":"https:\/\/defensoriaformosa.gob.ar\/index.php?rest_route=%2Fwp%2Fv2%2Fcomments&post=9810"}],"version-history":[{"count":1,"href":"https:\/\/defensoriaformosa.gob.ar\/index.php?rest_route=\/wp\/v2\/posts\/9810\/revisions"}],"predecessor-version":[{"id":9812,"href":"https:\/\/defensoriaformosa.gob.ar\/index.php?rest_route=\/wp\/v2\/posts\/9810\/revisions\/9812"}],"wp:featuredmedia":[{"embeddable":true,"href":"https:\/\/defensoriaformosa.gob.ar\/index.php?rest_route=\/wp\/v2\/media\/9811"}],"wp:attachment":[{"href":"https:\/\/defensoriaformosa.gob.ar\/index.php?rest_route=%2Fwp%2Fv2%2Fmedia&parent=9810"}],"wp:term":[{"taxonomy":"category","embeddable":true,"href":"https:\/\/defensoriaformosa.gob.ar\/index.php?rest_route=%2Fwp%2Fv2%2Fcategories&post=9810"},{"taxonomy":"post_tag","embeddable":true,"href":"https:\/\/defensoriaformosa.gob.ar\/index.php?rest_route=%2Fwp%2Fv2%2Ftags&post=9810"}],"curies":[{"name":"wp","href":"https:\/\/api.w.org\/{rel}","templated":true}]}}