{"id":98,"date":"2014-12-29T23:07:50","date_gmt":"2014-12-30T02:07:50","guid":{"rendered":"http:\/\/2015.defensoriaformosa.gob.ar\/?p=98"},"modified":"2014-12-29T23:07:50","modified_gmt":"2014-12-30T02:07:50","slug":"vecinos-de-mojon-de-fierro-denuncian-a-menores-por-hurtos-robos-consumo-de-alcohol-y-estupefacientes","status":"publish","type":"post","link":"https:\/\/defensoriaformosa.gob.ar\/?p=98","title":{"rendered":"VECINOS DE MOJON DE FIERRO, DENUNCIAN A MENORES POR HURTOS, ROBOS, CONSUMO DE ALCOHOL Y ESTUPEFACIENTES"},"content":{"rendered":"<p style=\"text-align: justify;\"><strong>Fueron recibidos en el d\u00eda de ayer, vecinos de Moj\u00f3n de Fierro, quienes denunciaron por ante el Defensor del Pueblo, que son permanentemente hurtados y robados por grupos de menores de edad, y que necesitan que alguien se haga cargo de esta situaci\u00f3n.<\/strong><\/p>\n<p><!--more--><\/p>\n<p style=\"text-align: justify;\">El se\u00f1or Rosso Roberto, uno de los voceros del grupo del barrio 150 Viviendas de Moj\u00f3n de Fierro, le se\u00f1alo al Ombudsman Provincial, Dr. Jos\u00e9 Leonardo Gialluca que este \u00faltimo domingo, su pareja, Se\u00f1ora Vega Julia, debi\u00f3 soportar las amenazas de un menor de 16 a\u00f1os (<strong>J.C)<\/strong>, quien munido de un cuchillo en una mano y un cable en la otra pretendi\u00f3 ahorcar a la antes citada, hasta que se llevo unos $4.500 en efectivo.<\/p>\n<p style=\"text-align: justify;\">Esta familia se\u00f1alo que no es la primera vez que le roban en el negocio que poseen en Moj\u00f3n de Fierro y que siempre hacen las denuncias correspondientes y que esta vez ya por lo violento del hecho, lo hicieron en la UEAR del Circuito Cinco, y buscaron mayor asesoramiento en la Defensor\u00eda del Pueblo.<\/p>\n<p style=\"text-align: justify;\">Desde el Organismo de la Constituci\u00f3n, su titular se contacto con la Subsecretaria de Ni\u00f1ez Adolescencia y Familia a cargo de la Dra. Mar\u00eda Graciela Parola, a fin de que disponga las medidas correspondientes en la Comunidad de Moj\u00f3n de Fierro y se tomen las medidas necesarias contra estos menores de edad, <strong>que afirmaron los vecinos denunciantes anda todo el d\u00eda alcoholizados y bajo el efecto de las drogas, causando permanentes temores en todos los vecinos ya que lo que roban, lo vuelven a revender en la zona o lo traen hasta la ciudad capital, causando graves perjuicios y sabiendo que por la edad que poseen, la polic\u00eda nunca les har\u00e1 nada, se quejaron los mismos.<\/strong><\/p>\n<p style=\"text-align: justify;\">Por otra parte, tambi\u00e9n desde la Defensor\u00eda del Pueblo se pidi\u00f3 a los vecinos, que dieran intervenci\u00f3n a la Fiscal de Feria, pues no debemos esperar que ocurra una tragedia para que reci\u00e9n intervengan las autoridades competentes en la materia.<\/p>\n","protected":false},"excerpt":{"rendered":"<p>Fueron recibidos en el d\u00eda de ayer, vecinos de Moj\u00f3n de Fierro, quienes denunciaron por ante el Defensor del Pueblo, que son permanentemente hurtados y robados por grupos de menores de edad, y que necesitan que alguien se haga cargo de esta situaci\u00f3n.<\/p>\n","protected":false},"author":1,"featured_media":99,"comment_status":"closed","ping_status":"closed","sticky":false,"template":"","format":"standard","meta":{"footnotes":""},"categories":[1],"tags":[],"class_list":["post-98","post","type-post","status-publish","format-standard","has-post-thumbnail","hentry","category-noticias"],"_links":{"self":[{"href":"https:\/\/defensoriaformosa.gob.ar\/index.php?rest_route=\/wp\/v2\/posts\/98","targetHints":{"allow":["GET"]}}],"collection":[{"href":"https:\/\/defensoriaformosa.gob.ar\/index.php?rest_route=\/wp\/v2\/posts"}],"about":[{"href":"https:\/\/defensoriaformosa.gob.ar\/index.php?rest_route=\/wp\/v2\/types\/post"}],"author":[{"embeddable":true,"href":"https:\/\/defensoriaformosa.gob.ar\/index.php?rest_route=\/wp\/v2\/users\/1"}],"replies":[{"embeddable":true,"href":"https:\/\/defensoriaformosa.gob.ar\/index.php?rest_route=%2Fwp%2Fv2%2Fcomments&post=98"}],"version-history":[{"count":1,"href":"https:\/\/defensoriaformosa.gob.ar\/index.php?rest_route=\/wp\/v2\/posts\/98\/revisions"}],"predecessor-version":[{"id":100,"href":"https:\/\/defensoriaformosa.gob.ar\/index.php?rest_route=\/wp\/v2\/posts\/98\/revisions\/100"}],"wp:featuredmedia":[{"embeddable":true,"href":"https:\/\/defensoriaformosa.gob.ar\/index.php?rest_route=\/wp\/v2\/media\/99"}],"wp:attachment":[{"href":"https:\/\/defensoriaformosa.gob.ar\/index.php?rest_route=%2Fwp%2Fv2%2Fmedia&parent=98"}],"wp:term":[{"taxonomy":"category","embeddable":true,"href":"https:\/\/defensoriaformosa.gob.ar\/index.php?rest_route=%2Fwp%2Fv2%2Fcategories&post=98"},{"taxonomy":"post_tag","embeddable":true,"href":"https:\/\/defensoriaformosa.gob.ar\/index.php?rest_route=%2Fwp%2Fv2%2Ftags&post=98"}],"curies":[{"name":"wp","href":"https:\/\/api.w.org\/{rel}","templated":true}]}}