{"id":9795,"date":"2019-11-07T16:13:57","date_gmt":"2019-11-07T19:13:57","guid":{"rendered":"http:\/\/2015.defensoriaformosa.gob.ar\/?p=9795"},"modified":"2019-11-07T16:13:57","modified_gmt":"2019-11-07T19:13:57","slug":"acuerdan-acciones-y-gestiones-para-que-las-personas-de-talla-baja-obtengan-el-espacio-que-buscan-en-nuestra-sociedad-tanto-en-los-ambitos-sociales-laborales-y-politicos","status":"publish","type":"post","link":"https:\/\/defensoriaformosa.gob.ar\/?p=9795","title":{"rendered":"ACUERDAN ACCIONES Y GESTIONES PARA QUE LAS PERSONAS DE \u201cTALLA BAJA\u201d OBTENGAN EL ESPACIO QUE BUSCAN EN NUESTRA SOCIEDAD, TANTO EN LOS AMBITOS SOCIALES, LABORALES Y POLITICOS"},"content":{"rendered":"<p><strong>En el d\u00eda de ayer en horas de la ma\u00f1ana en Sede de la Defensor\u00eda del Pueblo, el Ombudsman Provincial Dr. Jos\u00e9 Leonardo Gialluca, recibi\u00f3 a la Directora de Personas con Discapacidad, Liliana Saavedra, al Director de Responsabilidad Social del IAS, Daniel Denis, quien junto a otros integrantes del Instituto de Asistencia Social y el Estado Provincial, organizan el \u201cPrimer Encuentro Nacional de Talla Baja en Formosa\u201d, que se llevar\u00e1 a cabo los d\u00edas viernes 8, s\u00e1bado 9 y domingo 10 de noviembre del corriente a\u00f1o en nuestra Ciudad Capital. <\/strong><\/p>\n<p><!--more--><\/p>\n<p>Las personas de talla baja son aquellas que por causas idiop\u00e1ticas o patol\u00f3gicas experimentan alg\u00fan trastorno gen\u00e9tico o de crecimiento, alteraci\u00f3n \u00f3sea, enfermedad o cualquier s\u00edndrome o alteraci\u00f3n que deriva en que las mismas cuenten con una estatura considerablemente inferior al promedio de la poblaci\u00f3n argentina. En este contexto, el Organismo de la Constituci\u00f3n Provincial, declar\u00f3 mediante la Resoluci\u00f3n N\u00ba 253\/19 de Inter\u00e9s Institucional este evento que contar\u00e1 adem\u00e1s con Representantes de las Provincias del Chaco, Corrientes, Jujuy, Santiago del Estero, C\u00f3rdoba, Entre R\u00edos, San Luis y Buenos Aires, y donde adem\u00e1s se concretar\u00e1 por primera vez en nuestra Jurisdicci\u00f3n la entrega efectiva de personer\u00eda jur\u00eddica a la \u00fanica -Asociaci\u00f3n de Personas de Talla Baja de Formosa-. El desarrollo de la reuni\u00f3n de trabajo, se llev\u00f3 adelante en un clima ameno, donde actuaron como voceros Yamila Diaz y Rodrigo L\u00f3pez, \u201cexponiendo sus experiencias diarias como personas con talla baja y los m\u00faltiples problemas que tienen para utilizar desde el transporte p\u00fablico de pasajeros de nuestra ciudad, hasta para ser atendidos en cualquier banco o centros de pagos, o hasta para ir a los ba\u00f1os y ni que hablar del momento en que deciden encarar la b\u00fasqueda de un trabajo tanto en el sector p\u00fablico como en el privado, donde las barreras f\u00edsicas y sociales son tan fuertes que hace que la mayor\u00eda de los ciudadanos con -talla baja- no se atrevan a enfrentar la vida, con su multiplicidad de facetas y en esto se comprometieron los mismos, a obtener datos objetivos mediante relevamientos en todo nuestro territorio y lograr con mucho trabajo la inclusi\u00f3n social de estas personas\u201d. Por otro lado, Liliana Saavedra se responsabiliz\u00f3 en otorgarles todo el apoyo Institucional de la Direcci\u00f3n a su cargo, a lo que se sum\u00f3 el Instituto de Asistencia Social de la Provincia a trav\u00e9s de Daniel Denis y la Direcci\u00f3n de Discapacidad de la Defensor\u00eda del Pueblo\u201d. Gialluca, se\u00f1al\u00f3 que lamentablemente en nuestro pa\u00eds todav\u00eda en el Congreso de la Naci\u00f3n, \u201cduermen Proyectos que se relacionan con la -Promoci\u00f3n y Protecci\u00f3n de los Derechos de las Personas de Talla Baja- y nuestro compromiso Institucional es que de ahora en adelante esto se modifique y para ello realizaremos las gestiones necesarias para que se conviertan en Ley, como tambi\u00e9n utilizaremos nuestras facultades de Iniciativa Legislativa para presentar a nivel local un Proyecto de Ley, tambi\u00e9n de Ordenanzas que contemplen una cultura de respeto a la condici\u00f3n f\u00edsica, al trato igualitario, a la no discriminaci\u00f3n, a hacer incluir en los planes, programas y proyectos del Estado, la promoci\u00f3n y el bienestar de todas las personas de talla baja, que viven en nuestra Provincia, para lograr mayor visibilidad y empat\u00eda con este colectivo social, sumando educaci\u00f3n, integraci\u00f3n y la debida sensibilidad social que nos permita afirmar sin titubeos, que todos somos iguales y de esta manera las personas de talla baja puedan acceder a los servicios de salud y educaci\u00f3n, participar en los \u00e1mbitos laborales, econ\u00f3micos y pol\u00edticos del Estado Provincial, de los Municipios y del sector privado, quienes deben promover su R.S.E. en esta tem\u00e1tica donde hoy no hay una infraestructura adecuada para todos esos ciudadanos\u201d.<\/p>\n","protected":false},"excerpt":{"rendered":"<p>En el d\u00eda de ayer en horas de la ma\u00f1ana en Sede de la Defensor\u00eda del Pueblo, el Ombudsman Provincial Dr. Jos\u00e9 Leonardo Gialluca, recibi\u00f3 a la Directora de Personas con Discapacidad, Liliana Saavedra, al Director de Responsabilidad Social del IAS, Daniel Denis, quien junto a otros integrantes del Instituto de Asistencia Social y el [&hellip;]<\/p>\n","protected":false},"author":1,"featured_media":9796,"comment_status":"closed","ping_status":"closed","sticky":false,"template":"","format":"standard","meta":{"footnotes":""},"categories":[1],"tags":[],"class_list":["post-9795","post","type-post","status-publish","format-standard","has-post-thumbnail","hentry","category-noticias"],"_links":{"self":[{"href":"https:\/\/defensoriaformosa.gob.ar\/index.php?rest_route=\/wp\/v2\/posts\/9795","targetHints":{"allow":["GET"]}}],"collection":[{"href":"https:\/\/defensoriaformosa.gob.ar\/index.php?rest_route=\/wp\/v2\/posts"}],"about":[{"href":"https:\/\/defensoriaformosa.gob.ar\/index.php?rest_route=\/wp\/v2\/types\/post"}],"author":[{"embeddable":true,"href":"https:\/\/defensoriaformosa.gob.ar\/index.php?rest_route=\/wp\/v2\/users\/1"}],"replies":[{"embeddable":true,"href":"https:\/\/defensoriaformosa.gob.ar\/index.php?rest_route=%2Fwp%2Fv2%2Fcomments&post=9795"}],"version-history":[{"count":1,"href":"https:\/\/defensoriaformosa.gob.ar\/index.php?rest_route=\/wp\/v2\/posts\/9795\/revisions"}],"predecessor-version":[{"id":9797,"href":"https:\/\/defensoriaformosa.gob.ar\/index.php?rest_route=\/wp\/v2\/posts\/9795\/revisions\/9797"}],"wp:featuredmedia":[{"embeddable":true,"href":"https:\/\/defensoriaformosa.gob.ar\/index.php?rest_route=\/wp\/v2\/media\/9796"}],"wp:attachment":[{"href":"https:\/\/defensoriaformosa.gob.ar\/index.php?rest_route=%2Fwp%2Fv2%2Fmedia&parent=9795"}],"wp:term":[{"taxonomy":"category","embeddable":true,"href":"https:\/\/defensoriaformosa.gob.ar\/index.php?rest_route=%2Fwp%2Fv2%2Fcategories&post=9795"},{"taxonomy":"post_tag","embeddable":true,"href":"https:\/\/defensoriaformosa.gob.ar\/index.php?rest_route=%2Fwp%2Fv2%2Ftags&post=9795"}],"curies":[{"name":"wp","href":"https:\/\/api.w.org\/{rel}","templated":true}]}}