{"id":9782,"date":"2019-11-04T15:20:26","date_gmt":"2019-11-04T18:20:26","guid":{"rendered":"http:\/\/2015.defensoriaformosa.gob.ar\/?p=9782"},"modified":"2019-11-04T15:20:26","modified_gmt":"2019-11-04T18:20:26","slug":"el-plan-piloto-de-veda-extendida-busca-proteger-la-fauna-icticola-y-al-mismo-tiempo-a-los-pescadores-comerciales-deportivos-y-de-subsistencia","status":"publish","type":"post","link":"https:\/\/defensoriaformosa.gob.ar\/?p=9782","title":{"rendered":"EL PLAN PILOTO DE VEDA EXTENDIDA, \u201cBUSCA PROTEGER LA FAUNA ICTICOLA Y AL MISMO TIEMPO A LOS PESCADORES COMERCIALES, DEPORTIVOS Y DE SUBSISTENCIA\u201d"},"content":{"rendered":"<p><strong>En la actualidad por las condiciones clim\u00e1ticas, Formosa declar\u00f3 la veda total en el R\u00edo Bermejo y se estudian otras medidas-<\/strong><\/p>\n<p><!--more--><\/p>\n<p>La -Direcci\u00f3n de Ambiente, Desarrollo Sustentables y Audiencias P\u00fablicas- de la Defensor\u00eda del Pueblo, le solicitaron a la -APAUF- Asociaci\u00f3n de Pescadores Artesanales Unidos de Formosa- y al Bi\u00f3logo Abel Vera, su Asesor en la materia, que no confundan a la sociedad en general y menos a los pescadores comerciales, deportivos y de subsistencia, con sus \u00faltimas afirmaciones p\u00fablicas, las cuales no se condicen en nada con lo expuesto por los citados en la reuni\u00f3n celebrada con las Autoridades Competentes del Ministerio de la Producci\u00f3n y Ambiente, donde se respondieron sus inquietudes, como as\u00ed tambi\u00e9n la de los -Grupos de Extractores de Carnadas Vivas-, y al t\u00e9rmino de la antes citada, fue el mism\u00edsimo Bi\u00f3logo Abel Vera, quien pidi\u00f3 un aplauso por la relaci\u00f3n alcanzada y quedaron a la espera de que, este Plan Piloto de Veda Extendida, resultara beneficioso para todas las partes y tambi\u00e9n para que el Estado Provincial obtenga los datos cient\u00edficos necesarios a fin de elaborar los informes correspondientes sobre nuestra fauna ict\u00edcola de Formosa y as\u00ed poder cumplir con Acuerdos Internacionales y Proyectos Locales. El Ombudsman Provincial, inform\u00f3 que Institucionalmente ya hemos cursado las Actuaciones Formales al Ministerio de la Producci\u00f3n y Ambiente, a fin de que, por un lado, intensifiquen de manera urgente todos los controles necesarios y fiscalizaciones oportunas con la ampliaci\u00f3n de recursos humanos y mayor n\u00famero de lanchas de patrullaje, coordin\u00e1ndose con las fuerzas provinciales y nacionales, todo esto, para evitar o neutralizar las depredaciones que se ven a diario, eliminar espineles y artes de pesca irregulares, ya que de lo contrario el Plan Piloto de Veda Extendida no tendr\u00e1 sentido. Por otro lado, Gialluca tambi\u00e9n exigi\u00f3 al Ministerio de la Producci\u00f3n y Ambiente, a que investigue y nos ilustre, porque cada d\u00eda que pasa hay menos \u201ccoludas y morenas\u201d en nuestro medio, como as\u00ed tambi\u00e9n que permita a los -Grupos de Extracciones de Morenas del Barrio Namqom- comercializar sus productos independientemente, sin que tengan que pasar por los famosos acopiadores, que no son m\u00e1s que intermediarios que se quedan como en toda actividad con el esfuerzo de los trabajadores. As\u00ed, esta semana tendremos respuestas concretas. Tambi\u00e9n hemos dado curso a un pedido de un -BONO por \u00fanica vez-, como contraprestaci\u00f3n al Plan Piloto. Adem\u00e1s, el Ombudsman Provincial, advirti\u00f3 que, desde la propia UNNE, su Instituto de Ictiolog\u00eda, asegur\u00f3 que las vedas de 40, 45 d\u00edas consecutivos anuales no tienen sost\u00e9n, ya que otras variables biol\u00f3gicas que entran en juego en las diferentes especies presentes en los r\u00edos de la Regi\u00f3n, con la Veda Extendida, la cual SUSPENDE TAN SOLO 2 DOS DIAS POR SEMANA LAS ACTIVIDADES Y LLEVA A 104 DIAS LA PROTECCION ITICOLA, es la metodolog\u00eda a implementar frente a los permanente cambios clim\u00e1ticos, que hace que hoy los desoves, y los cursos h\u00eddricos est\u00e9n abiertos a alteraciones imprevisibles. Esta visi\u00f3n m\u00e1s integral y superadora permitir\u00eda que vayamos monitoreando asiduamente a los peces. Aqu\u00ed el Defensor aclar\u00f3 que la CATEGOR\u00cdA de -Pescadores de Subsistencia- NO ESTAN COMPRENDIDOS dentro del Plan Piloto y pueden extraer peces para vivir ellos y sus familias durante todo el a\u00f1o, advirtiendo que NO LO HAGAN EN LAS ZONAS DE RESERVAS NATURALES COMO SE HA DETECTADO PUES ESTA PROHIBIDO. Ahora en cuanto a los pescadores deportivos y m\u00e1s precisamente a la -Barras de Pescadores de Formosa-, el Defensor del Pueblo, los invito a concretar cuantas presentaciones o propuestas deseen, ya que tambi\u00e9n conocemos que ciertos pescadores deportivos -se encuentran vinculados con la realizaci\u00f3n de eventos de pesca- y que tienen que aggiornarse al Plan Piloto, para que entre todos cuidemos los recursos naturales. Necesitamos un acompa\u00f1amiento tambi\u00e9n de ellos, pues la fiscalizaci\u00f3n es como dijimos primordial, a ello se le debe sumar el di\u00e1logo y no poner en el centro del debate al Plan Piloto de Veda Extendida, pues todo suma y debemos exigir que quien posee por Ley el Poder de Polic\u00eda en esta tem\u00e1tica, que no es otro que el Estado Provincial, desarrolle adecuadamente todas las medidas para conservar nuestra fauna ict\u00edcola y los recursos naturales en general.<\/p>\n","protected":false},"excerpt":{"rendered":"<p>En la actualidad por las condiciones clim\u00e1ticas, Formosa declar\u00f3 la veda total en el R\u00edo Bermejo y se estudian otras medidas-<\/p>\n","protected":false},"author":1,"featured_media":9783,"comment_status":"closed","ping_status":"closed","sticky":false,"template":"","format":"standard","meta":{"footnotes":""},"categories":[1],"tags":[],"class_list":["post-9782","post","type-post","status-publish","format-standard","has-post-thumbnail","hentry","category-noticias"],"_links":{"self":[{"href":"https:\/\/defensoriaformosa.gob.ar\/index.php?rest_route=\/wp\/v2\/posts\/9782","targetHints":{"allow":["GET"]}}],"collection":[{"href":"https:\/\/defensoriaformosa.gob.ar\/index.php?rest_route=\/wp\/v2\/posts"}],"about":[{"href":"https:\/\/defensoriaformosa.gob.ar\/index.php?rest_route=\/wp\/v2\/types\/post"}],"author":[{"embeddable":true,"href":"https:\/\/defensoriaformosa.gob.ar\/index.php?rest_route=\/wp\/v2\/users\/1"}],"replies":[{"embeddable":true,"href":"https:\/\/defensoriaformosa.gob.ar\/index.php?rest_route=%2Fwp%2Fv2%2Fcomments&post=9782"}],"version-history":[{"count":1,"href":"https:\/\/defensoriaformosa.gob.ar\/index.php?rest_route=\/wp\/v2\/posts\/9782\/revisions"}],"predecessor-version":[{"id":9784,"href":"https:\/\/defensoriaformosa.gob.ar\/index.php?rest_route=\/wp\/v2\/posts\/9782\/revisions\/9784"}],"wp:featuredmedia":[{"embeddable":true,"href":"https:\/\/defensoriaformosa.gob.ar\/index.php?rest_route=\/wp\/v2\/media\/9783"}],"wp:attachment":[{"href":"https:\/\/defensoriaformosa.gob.ar\/index.php?rest_route=%2Fwp%2Fv2%2Fmedia&parent=9782"}],"wp:term":[{"taxonomy":"category","embeddable":true,"href":"https:\/\/defensoriaformosa.gob.ar\/index.php?rest_route=%2Fwp%2Fv2%2Fcategories&post=9782"},{"taxonomy":"post_tag","embeddable":true,"href":"https:\/\/defensoriaformosa.gob.ar\/index.php?rest_route=%2Fwp%2Fv2%2Ftags&post=9782"}],"curies":[{"name":"wp","href":"https:\/\/api.w.org\/{rel}","templated":true}]}}