{"id":9777,"date":"2019-11-03T16:44:53","date_gmt":"2019-11-03T19:44:53","guid":{"rendered":"http:\/\/2015.defensoriaformosa.gob.ar\/?p=9777"},"modified":"2019-11-03T16:47:59","modified_gmt":"2019-11-03T19:47:59","slug":"9777-2","status":"publish","type":"post","link":"https:\/\/defensoriaformosa.gob.ar\/?p=9777","title":{"rendered":"DENUNCIO EL DEFENSOR DEL PUEBLO QUE NADIE SE HACE CARGO REALMENTE DEL TRANSPORTE P\u00daBLICO DE PASAJEROS EN FORMOSA"},"content":{"rendered":"<p><strong>Desde la Defensor\u00eda del Pueblo, se\u00f1alaron que la empresa Crucero del Sur quien monop\u00f3licamente trata de brindar el servicio p\u00fablico de transporte urbano en nuestra ciudad, sufri\u00f3 un embargo de unas 60 unidades que adquiri\u00f3 a la firma Mercedes Benz en Buenos Aires.<\/strong><\/p>\n<p><!--more--><br \/>\nLa deuda surge de atrasos en el pago de cuotas. Pero tambi\u00e9n es cierto que el viernes pasado cuando un abogado del foro local procedi\u00f3 al diligenciamiento de las \u00f3rdenes judiciales a trav\u00e9s de juzgados civiles de Formosa, fue consultado por el Ombudsman Provincial Dr. Jos\u00e9 Leonardo Gialluca, quien recibi\u00f3 la informaci\u00f3n de que \u00abno existe intenci\u00f3n de secuestrar los colectivos, pero s\u00ed de que los due\u00f1os o el due\u00f1o se siente a negociar el pago de lo adeudado\u00bb. Casualmente ese d\u00eda el CEO de la Empresa de Transporte, arrib\u00f3 a la Municipalidad de la Ciudad y no conocemos Institucionalmente que es lo que se trat\u00f3 en dicha situaci\u00f3n. Lo \u00fanico que estamos en condiciones de informar es que desde la Empresa \u00abnos aseguraron que todo fue pagado y no existe deuda alguna\u00bb. No obstante, lo cual el Defensor del Pueblo, afirm\u00f3 que el transporte p\u00fablico es una actividad econ\u00f3mica que requiere si o si de una fuerte fiscalizaci\u00f3n y ejercicio del Poder de Polic\u00eda del Municipio, pues las v\u00edctimas son siempre los usuarios, vecinos que tienen que esperar horas en cada parada para que pase alguna unidad de transporte (la mayor\u00eda de ellos sin los aires acondicionados prendidos, con choferes que no tiene un trato digno hacia los usuarios, prosiguiendo a\u00fan hasta la fecha la Defensor\u00eda del Pueblo con las gestiones judiciales para que la Firma abone las cuotas alimentarias las cuales son descontadas de los recibos de los choferes y adem\u00e1s tambi\u00e9n existe otra acci\u00f3n judicial por la falta de los aportes patronales de Crucero del Sur para con todos sus empleados). Se\u00f1alo el Funcionario Provincial, que la soluci\u00f3n no pasa por otros aumentos de pasajes como quieren ciertos sectores, ya que la gente no recibe incrementos salariales cada tres o seis meses en m\u00e1s lo que hoy si est\u00e1 recibiendo son aumentos de combustibles, de alimentos, de bienes de higiene personal, de medicamentos que son impagables y con precios impuestos por los laboratorios, por lo que las soluciones o alternativas deben venir por otro lado, y no por la facilidad de caer nuevamente sobre los usuarios que encima tienen un servicio deficiente. En este tema debemos terminar con los, \u00abdobles discursos\u00bb, se\u00f1al\u00f3 Gialluca que alguien se tiene que hacer responsable, pues hasta hoy, todos los actores \u00abse pasan la pelota jugando con las necesidades de la gente\u201d, y es tiempo de seriedad y de hacer cumplir todas las obligaciones a las empresas y al estado concedente.<\/p>\n","protected":false},"excerpt":{"rendered":"<p>Desde la Defensor\u00eda del Pueblo, se\u00f1alaron que la empresa Crucero del Sur quien monop\u00f3licamente trata de brindar el servicio p\u00fablico de transporte urbano en nuestra ciudad, sufri\u00f3 un embargo de unas 60 unidades que adquiri\u00f3 a la firma Mercedes Benz en Buenos Aires.<\/p>\n","protected":false},"author":1,"featured_media":9781,"comment_status":"closed","ping_status":"closed","sticky":false,"template":"","format":"standard","meta":{"footnotes":""},"categories":[1],"tags":[],"class_list":["post-9777","post","type-post","status-publish","format-standard","has-post-thumbnail","hentry","category-noticias"],"_links":{"self":[{"href":"https:\/\/defensoriaformosa.gob.ar\/index.php?rest_route=\/wp\/v2\/posts\/9777","targetHints":{"allow":["GET"]}}],"collection":[{"href":"https:\/\/defensoriaformosa.gob.ar\/index.php?rest_route=\/wp\/v2\/posts"}],"about":[{"href":"https:\/\/defensoriaformosa.gob.ar\/index.php?rest_route=\/wp\/v2\/types\/post"}],"author":[{"embeddable":true,"href":"https:\/\/defensoriaformosa.gob.ar\/index.php?rest_route=\/wp\/v2\/users\/1"}],"replies":[{"embeddable":true,"href":"https:\/\/defensoriaformosa.gob.ar\/index.php?rest_route=%2Fwp%2Fv2%2Fcomments&post=9777"}],"version-history":[{"count":2,"href":"https:\/\/defensoriaformosa.gob.ar\/index.php?rest_route=\/wp\/v2\/posts\/9777\/revisions"}],"predecessor-version":[{"id":9780,"href":"https:\/\/defensoriaformosa.gob.ar\/index.php?rest_route=\/wp\/v2\/posts\/9777\/revisions\/9780"}],"wp:featuredmedia":[{"embeddable":true,"href":"https:\/\/defensoriaformosa.gob.ar\/index.php?rest_route=\/wp\/v2\/media\/9781"}],"wp:attachment":[{"href":"https:\/\/defensoriaformosa.gob.ar\/index.php?rest_route=%2Fwp%2Fv2%2Fmedia&parent=9777"}],"wp:term":[{"taxonomy":"category","embeddable":true,"href":"https:\/\/defensoriaformosa.gob.ar\/index.php?rest_route=%2Fwp%2Fv2%2Fcategories&post=9777"},{"taxonomy":"post_tag","embeddable":true,"href":"https:\/\/defensoriaformosa.gob.ar\/index.php?rest_route=%2Fwp%2Fv2%2Ftags&post=9777"}],"curies":[{"name":"wp","href":"https:\/\/api.w.org\/{rel}","templated":true}]}}