{"id":9774,"date":"2019-11-03T16:34:44","date_gmt":"2019-11-03T19:34:44","guid":{"rendered":"http:\/\/2015.defensoriaformosa.gob.ar\/?p=9774"},"modified":"2019-11-03T16:34:44","modified_gmt":"2019-11-03T19:34:44","slug":"el-defensor-del-pueblo-les-pidio-a-la-apauf-y-al-biologo-abel-vera-coherencia-y-acompanar-la-proteccion-de-nuestra-fauna-icticola","status":"publish","type":"post","link":"https:\/\/defensoriaformosa.gob.ar\/?p=9774","title":{"rendered":"EL DEFENSOR DEL PUEBLO LES PIDIO A LA APAUF Y AL BI\u00d3LOGO ABEL VERA COHERENCIA Y ACOMPA\u00d1AR LA PROTECCI\u00d3N DE NUESTRA FAUNA ICTICOLA"},"content":{"rendered":"<p><strong>Desde la Direcci\u00f3n de Ambiente, Recursos Sustentables y Audiencias P\u00fablicas de la Defensor\u00eda del Pueblo, le solicitaron a la _APAUF- ASOCIACI\u00d3N DE PESCADORES ARTESANALES UNIDOS DE FORMOSA- y al Bi\u00f3logo Abel Vera, su Asesor en la materia, que no confundan a la sociedad en general y menos a los pescadores comerciales, deportivos y de subsistencia con sus \u00faltimas afirmaciones p\u00fablicas, las cuales no se condicen en nada con lo expresado en la reuni\u00f3n celebrada con las Autoridades Competentes del Ministerio de la Producci\u00f3n y Ambiente, donde se respondieron sus inquietudes, como as\u00ed tambi\u00e9n la de los Grupos de Extractores de Carnadas Vivas, y donde al t\u00e9rmino de la antes citada, fue el mism\u00edsimo Bi\u00f3logo Abel Vera,\u00bb quien pidi\u00f3 un aplauso por la coordinaci\u00f3n alcanzada y a la espera que este Plan Piloto de Veda Extendida, resultara beneficioso para todas las partes y tambi\u00e9n para que el Estado Provincial obtenga los datos cient\u00edficos necesarios para elaborar los informes correspondientes sobre nuestra fauna ict\u00edcola de Formosa y as\u00ed poder cumplir con Acuerdos Internacionales y Proyectos Locales\u00bb. <\/strong><\/p>\n<p><!--more--><\/p>\n<p>El Ombudsman Provincial inform\u00f3 que Institucionalmente ya hemos cursado las Actuaciones al Ministerio de la Producci\u00f3n y Ambiente, a fin de que, \u00abpor un lado, intensifiquen de manera urgente todos los controles necesarios y fiscalizaciones oportunas con el aumento de recursos humanos y de movimientos acu\u00e1ticos, coordinando con las fuerzas provinciales y nacionales\u00bb, todo esto, para evitar o neutralizar las depredaciones, que se ven a diario, eliminar espineles y artes de pesca irregulares, ya que lo contrario el Plan Piloto de Veda Extendida no tendr\u00e1 sentido. Por otro lado, Gialluca tambi\u00e9n exigi\u00f3 al Ministerio de la Producci\u00f3n y Ambiente, a que investigue y nos ilustre, \u00abporque cada d\u00eda que pasa hay menos coludas y morenas en nuestro medio\u00bb, como as\u00ed tambi\u00e9n que permita a los Grupos de Extracciones de Morenas del Barrio Namqom comercializar sus productos independientemente, sin que tengan que pasar por los \u00abfamosos acopiadores\u00bb que no son m\u00e1s que intermediarios que se quedan como en toda actividad con el esfuerzo de los trabajadores. As\u00ed, esta semana tendremos respuestas concretas. Tambi\u00e9n hemos dado curso a un pedido de un BONO por \u00fanica vez, como contraprestaci\u00f3n al Plan Piloto. Adem\u00e1s, el Ombudsman Provincial, advirti\u00f3 que, desde la propia UNNE, su Instituto de Ictiolog\u00eda, asegura que las vedas de 40, 45 d\u00edas consecutivos anuales no tienen sost\u00e9n, ya que otras variables biol\u00f3gicas que entran en juego en las diferentes especies presentes en los r\u00edos de la Regi\u00f3n, con la Veda Extendida, la cual SUSPENDE TAN SOLO 2 DOS DIAS POR SEMANA LAS ACTIVIDADES Y LLEVA A 104 DIAS LA PROTECCION ITICOLA, es la metodolog\u00eda a implementar frente a los permanente cambios clim\u00e1ticos, que hace que hoy los desoves, y los cursos h\u00eddricos est\u00e9n abiertos a alteraciones imprevisibles. Esta visi\u00f3n m\u00e1s integral y superadora permitir\u00eda que vayamos monitoreando asiduamente a los peces. Aqu\u00ed Gialluca aclar\u00f3 que la CATEGOR\u00cdA de Pescadores de Subsistencia NO ESTAN COMPRENDIDOS dentro del Plan Piloto y pueden extraer peces para vivir ellos y sus familias durante todo el a\u00f1o, advirtiendo que NO LO HAGAN EN LAS ZONAS DE RESERVAS NATURALES COMO SE HA DETECTADO PUES ESTA PROHIBIDO. Ahora en cuanto a los pescadores deportivos y m\u00e1s precisamente a la Barras de Pescadores de Formosa, el Defensor del Pueblo, los invito a concretar cuantas presentaciones o propuestas deseen, ya que tambi\u00e9n conocemos que ciertos pescadores deportivos \u00abse encuentra n vinculados con la realizaci\u00f3n de eventos de pesca deportiva y que tienen que aggiornarse al Plan Piloto, para que entre todos cuidemos los recursos naturales\u00bb. Queremos un acompa\u00f1amiento tambi\u00e9n de ellos, pues la fiscalizaci\u00f3n es como dijimos primordial, a ello se le debe sumar el di\u00e1logo y no poner en el centro del debate al Plan Piloto de Veda Extendida, pues todo suma y debemos exigir que quien posee por Ley el Poder de Polic\u00eda en esta tem\u00e1tica, que no es otro que el Estado Provincial, desarroll\u00e9 adecuadamente todas las medidas para conservar nuestra fauna ict\u00edcola y los recursos naturales en general.<\/p>\n","protected":false},"excerpt":{"rendered":"<p>Desde la Direcci\u00f3n de Ambiente, Recursos Sustentables y Audiencias P\u00fablicas de la Defensor\u00eda del Pueblo, le solicitaron a la _APAUF- ASOCIACI\u00d3N DE PESCADORES ARTESANALES UNIDOS DE FORMOSA- y al Bi\u00f3logo Abel Vera, su Asesor en la materia, que no confundan a la sociedad en general y menos a los pescadores comerciales, deportivos y de subsistencia [&hellip;]<\/p>\n","protected":false},"author":1,"featured_media":9775,"comment_status":"closed","ping_status":"closed","sticky":false,"template":"","format":"standard","meta":{"footnotes":""},"categories":[5,1],"tags":[],"class_list":["post-9774","post","type-post","status-publish","format-standard","has-post-thumbnail","hentry","category-ambiente-y-desarrollo-sustentable","category-noticias"],"_links":{"self":[{"href":"https:\/\/defensoriaformosa.gob.ar\/index.php?rest_route=\/wp\/v2\/posts\/9774","targetHints":{"allow":["GET"]}}],"collection":[{"href":"https:\/\/defensoriaformosa.gob.ar\/index.php?rest_route=\/wp\/v2\/posts"}],"about":[{"href":"https:\/\/defensoriaformosa.gob.ar\/index.php?rest_route=\/wp\/v2\/types\/post"}],"author":[{"embeddable":true,"href":"https:\/\/defensoriaformosa.gob.ar\/index.php?rest_route=\/wp\/v2\/users\/1"}],"replies":[{"embeddable":true,"href":"https:\/\/defensoriaformosa.gob.ar\/index.php?rest_route=%2Fwp%2Fv2%2Fcomments&post=9774"}],"version-history":[{"count":1,"href":"https:\/\/defensoriaformosa.gob.ar\/index.php?rest_route=\/wp\/v2\/posts\/9774\/revisions"}],"predecessor-version":[{"id":9776,"href":"https:\/\/defensoriaformosa.gob.ar\/index.php?rest_route=\/wp\/v2\/posts\/9774\/revisions\/9776"}],"wp:featuredmedia":[{"embeddable":true,"href":"https:\/\/defensoriaformosa.gob.ar\/index.php?rest_route=\/wp\/v2\/media\/9775"}],"wp:attachment":[{"href":"https:\/\/defensoriaformosa.gob.ar\/index.php?rest_route=%2Fwp%2Fv2%2Fmedia&parent=9774"}],"wp:term":[{"taxonomy":"category","embeddable":true,"href":"https:\/\/defensoriaformosa.gob.ar\/index.php?rest_route=%2Fwp%2Fv2%2Fcategories&post=9774"},{"taxonomy":"post_tag","embeddable":true,"href":"https:\/\/defensoriaformosa.gob.ar\/index.php?rest_route=%2Fwp%2Fv2%2Ftags&post=9774"}],"curies":[{"name":"wp","href":"https:\/\/api.w.org\/{rel}","templated":true}]}}