{"id":9766,"date":"2019-11-02T17:12:26","date_gmt":"2019-11-02T20:12:26","guid":{"rendered":"http:\/\/2015.defensoriaformosa.gob.ar\/?p=9766"},"modified":"2019-11-02T17:12:26","modified_gmt":"2019-11-02T20:12:26","slug":"denuncio-la-defensoria-que-el-gobierno-nacional-y-la-andis-no-transfieren-desde-hace-mas-de-cinco-meses-los-fondos-necesarios-para-que-funcione-el-programa-federal-incluir-salud","status":"publish","type":"post","link":"https:\/\/defensoriaformosa.gob.ar\/?p=9766","title":{"rendered":"DENUNCIO LA DEFENSORIA QUE EL GOBIERNO NACIONAL Y LA -ANDIS- NO TRANSFIEREN DESDE HACE MAS DE CINCO MESES LOS FONDOS NECESARIOS PARA QUE FUNCIONE EL -PROGRAMA FEDERAL INCLUIR SALUD-"},"content":{"rendered":"<p><strong>-La Provincia de Formosa viene afrontando las coberturas de unos 43 mil afiliados Formose\u00f1os del Programa Federal Incluir Salud que el Gobierno Nacional ha dejado en total abandono y que pretende eliminar-<\/strong><\/p>\n<p><!--more--><\/p>\n<p>Las instituciones provinciales que atienden a personas que incluidas en la obra social del Programa Federal Incluir Salud en Formosa, denunciaron que afrontan problemas financieros grav\u00edsimos desde que el Ministerio de Hacienda de la Naci\u00f3n, \u201cles inform\u00f3 que no existe ninguna posibilidad de que en los pr\u00f3ximos meses el Ministerio de Desarrollo Humano y la UGP Formosa -Incluir Salud- a cargo de la Gerente Coordinadora Dra. Juana Maria Canteros reciban fondos -debido a la transici\u00f3n del Gobierno actual y el resultado de las elecciones, por lo cual todos los recursos financieros est\u00e1n frenados\u201d. Asimismo, desde el propio MDH su Titular Dr. Jos\u00e9 Luis D\u00e9cima ilustr\u00f3 a la Defensor\u00eda del Pueblo que la misma respuesta fue otorgada por la Direcci\u00f3n Nacional de Acceso a Servicios de Salud -Agencia Nacional de Discapacidad-, desde donde han afirmado que no se encuentran en condiciones presupuestarias de dar respuestas inmediatas, para afrontar las coberturas de sus afiliados a\u00fan cuando sean casos urgentes, \u201cdejando solamente como alternativa en un futuro, la posibilidad de solicitar el reintegro de las coberturas de altos costos en la que la Provincia se haga cargo\u201d. Desde el Organismo de la Constituci\u00f3n, se record\u00f3 que el Programa Incluir Salud es el sistema de cobertura brinda el Estado Nacional a trav\u00e9s de la ANDIS y que est\u00e1 a cargo de la Vicepresidenta Gabriela Michetti, a favor de las personas con discapacidad que no tienen obra social, ni prepagas y a destinatarios de pensiones no contributivas, graciables y madres de m\u00e1s de 7 hijos. En este contexto, el Gobierno de la Provincia de Formosa, a trav\u00e9s del M.D.H., viene haci\u00e9ndose cargo de las prestaciones a los afiliados del Programa Incluir Salud entre las que sobresalen las coberturas de radioterapia, provisi\u00f3n de insumos m\u00e9dicos, pr\u00f3tesis traumatol\u00f3gicas y urgentes, entrega de medicamentos y otras prestaciones, toda vez que ante esta situaci\u00f3n de emergencia originada por el incumplimiento de la -ANDIS-, produjo que la Provincia de Formosa tenga que afrontar sola, las coberturas de unos 43 mil afiliados Formose\u00f1os que el Gobierno Nacional ha dejado en total abandono y entre los que se encuentran ni\u00f1as\/os, adolescentes y adultos mayores. Es por ello que, el Organismo de la Constituci\u00f3n, denunci\u00f3 al Ministro de Hacienda de la Naci\u00f3n a cargo del Lic. Hernan Lacunza, que este desfinanciamiento de un Programa que funciona con aportes nacionales y provinciales, \u201cen el cual el Estado Nacional hace cinco (5) meses que no env\u00edan las remesas por las capitas devengadas y ya han afirmado que tampoco lo har\u00e1n por el resto del a\u00f1o dado el cambio del Gobierno Federal\u201d, hace que con suma urgencia se arbitren las medidas necesarias para enviar los fondos adeudados y asignados de modo tal que no se contin\u00fae poniendo en riesgo la salud psicof\u00edsica de 43 mil Argentinos beneficiarios de este Programa. El Ombudsman Provincial Dr. Jos\u00e9 Leonardo Gialluca, inform\u00f3 que similar pedido se efectu\u00f3 al Director Ejecutivo de la ANDIS Lic. Santiago Ibarz\u00e1bal y a la Vicepresidenta de la Naci\u00f3n Lic. Gabriela Michetti, record\u00e1ndoseles sus deberes como funcionarios p\u00fablicos. Por \u00faltimo, el Funcionario Provincial se\u00f1al\u00f3, que en este contexto se hace necesario impedir que desde el Estado Nacional se elimine directamente el Programa Incluir Salud, \u201cya que los ajustes econ\u00f3micos y sociales no pueden hacerse sobre los sectores m\u00e1s d\u00e9biles y menos a\u00fan hacer peligrar las prestaciones de salud de las personas con discapacidad, por lo cual Institucionalmente hemos pedido que el mismo contin\u00fae y se realicen las transferencias y giros de fondos necesarios para regularizar el mismo, siendo ineludible que adem\u00e1s se aumenten los recursos para poder afrontar la totalidad de las prestaciones y cumplir adem\u00e1s con las deudas que se poseen para con los proveedores, toda vez que no se puede suspender y menos a\u00fan eliminar este tipo de prestaciones de salud\u201d.<\/p>\n","protected":false},"excerpt":{"rendered":"<p>-La Provincia de Formosa viene afrontando las coberturas de unos 43 mil afiliados Formose\u00f1os del Programa Federal Incluir Salud que el Gobierno Nacional ha dejado en total abandono y que pretende eliminar-<\/p>\n","protected":false},"author":1,"featured_media":9767,"comment_status":"closed","ping_status":"closed","sticky":false,"template":"","format":"standard","meta":{"footnotes":""},"categories":[6,3],"tags":[],"class_list":["post-9766","post","type-post","status-publish","format-standard","has-post-thumbnail","hentry","category-salud","category-defensa-de-los-derechos-del-usuario-consumidor-contribuyentes"],"_links":{"self":[{"href":"https:\/\/defensoriaformosa.gob.ar\/index.php?rest_route=\/wp\/v2\/posts\/9766","targetHints":{"allow":["GET"]}}],"collection":[{"href":"https:\/\/defensoriaformosa.gob.ar\/index.php?rest_route=\/wp\/v2\/posts"}],"about":[{"href":"https:\/\/defensoriaformosa.gob.ar\/index.php?rest_route=\/wp\/v2\/types\/post"}],"author":[{"embeddable":true,"href":"https:\/\/defensoriaformosa.gob.ar\/index.php?rest_route=\/wp\/v2\/users\/1"}],"replies":[{"embeddable":true,"href":"https:\/\/defensoriaformosa.gob.ar\/index.php?rest_route=%2Fwp%2Fv2%2Fcomments&post=9766"}],"version-history":[{"count":1,"href":"https:\/\/defensoriaformosa.gob.ar\/index.php?rest_route=\/wp\/v2\/posts\/9766\/revisions"}],"predecessor-version":[{"id":9768,"href":"https:\/\/defensoriaformosa.gob.ar\/index.php?rest_route=\/wp\/v2\/posts\/9766\/revisions\/9768"}],"wp:featuredmedia":[{"embeddable":true,"href":"https:\/\/defensoriaformosa.gob.ar\/index.php?rest_route=\/wp\/v2\/media\/9767"}],"wp:attachment":[{"href":"https:\/\/defensoriaformosa.gob.ar\/index.php?rest_route=%2Fwp%2Fv2%2Fmedia&parent=9766"}],"wp:term":[{"taxonomy":"category","embeddable":true,"href":"https:\/\/defensoriaformosa.gob.ar\/index.php?rest_route=%2Fwp%2Fv2%2Fcategories&post=9766"},{"taxonomy":"post_tag","embeddable":true,"href":"https:\/\/defensoriaformosa.gob.ar\/index.php?rest_route=%2Fwp%2Fv2%2Ftags&post=9766"}],"curies":[{"name":"wp","href":"https:\/\/api.w.org\/{rel}","templated":true}]}}