{"id":9745,"date":"2019-10-29T16:16:43","date_gmt":"2019-10-29T19:16:43","guid":{"rendered":"http:\/\/2015.defensoriaformosa.gob.ar\/?p=9745"},"modified":"2019-10-29T16:55:19","modified_gmt":"2019-10-29T19:55:19","slug":"se-implementara-en-nuestra-provincia-un-plan-piloto-de-veda-extendida-de-la-pesca-que-regira-a-partir-del-1-de-diciembre-hasta-el-30-de-octubre-del-2020","status":"publish","type":"post","link":"https:\/\/defensoriaformosa.gob.ar\/?p=9745","title":{"rendered":"SE IMPLEMENTARA EN NUESTRA PROVINCIA UN \u201cPLAN PILOTO\u201d DE VEDA EXTENDIDA DE LA PESCA QUE REGIRA A PARTIR DEL 01 DE NOVIEMBRE DE  2019 AL 31 DE OCTUBRE DE 2020"},"content":{"rendered":"<p><strong>La -Direcci\u00f3n de Ambiente y Desarrollo Sustentable \u2013 Audiencias P\u00fablicas- de la Defensor\u00eda del Pueblo de la Provincia de Formosa, inform\u00f3 que en el d\u00eda de ayer se llev\u00f3 a cabo una reuni\u00f3n de trabajo de la que participaron el Ministerio de la Producci\u00f3n y Ambiente, con la representaci\u00f3n del Ing. Julio Ram\u00f3n Soupet, Director de Recursos Naturales y Gesti\u00f3n, acompa\u00f1ado por el Coordinador del Programa Biodiversidad, \u00c1reas Protegidas y Cambio Clim\u00e1tico a cargo del Bi\u00f3logo Franco Del Rosso; junto a las Abogadas Mariela Arrua y Lorena S\u00e1nchez de la Direcci\u00f3n de Registro, Control y Fiscalizaci\u00f3n a cargo de Orlando Am\u00edlcar Mendoza, m\u00e1s la Asociaci\u00f3n de Pescadores Artesanales Unidos de Formosa -APAUF- a trav\u00e9s del Sr. Dionisio Gonz\u00e1lez, Presidente de la misma, junto al Prof. Abel Vera y de diferentes trabajadores independientes y pertenecientes a grupos y asociaciones de extractores de carnadas, como, Paulino L\u00f3pez, Pedro Catalino Sosa, Cristian Armando Torales -Extractores de Carnadas Formosa-, Anastasio Ferm\u00edn, Walter Prado, Cesar Desiderio Justo -Moreneros Unidos B\u00ba Namqom-, Jorge Moreno -Morenas B\u00ba Namqom-, Jos\u00e9 Ricardo Sosa; quienes fueron recibidos por el Defensor del Pueblo, Dr. Jos\u00e9 Leonardo Gialluca, la Secretaria General, Dra. C\u00e1ceres Mariela y la asesora legal Lourdes Delgadillo. El titular del Organismo de la Constituci\u00f3n, agradeci\u00f3 la presencia de los asistentes, y puso en conocimiento el temario a desarrollar, el cual gira en torno a la implementaci\u00f3n del, \u201cPlan Piloto de Veda Extendida de Pesca en la Provincia de Formosa\u201d.<\/strong><\/p>\n<p><!--more--><\/p>\n<p>Luego de una serie de intercambios de posturas entre los Representantes de -APAUF-, de los Extractores de Carnadas, y las explicaciones t\u00e9cnicas, cient\u00edficas y jur\u00eddicas dadas a conocer por los funcionarios del Ministerio de la Producci\u00f3n y Ambiente, se determin\u00f3 que en toda la Provincia de Formosa a partir del 1 de noviembre del corriente a\u00f1o hasta el 31 de octubre del 2020 se implementar\u00e1, \u201cEl Plan Piloto de Veda Extendida\u201d, en el marco de compromisos bilaterales que posee nuestro Pa\u00eds y la Provincia de Formosa y el cual se traduce en la prohibici\u00f3n de pescar en determinados d\u00edas de la semana dependiendo del tipo de pesca. As\u00ed, los \u201cPescadores Deportivos\u201d tienen prohibido pescar \u00fanicamente los d\u00edas martes y mi\u00e9rcoles, los \u201cPescadores Comerciales\u201d no podr\u00e1n hacerlo los d\u00edas s\u00e1bado y domingo y los \u201cExtractores de Carnadas\u201d los d\u00edas domingo y lunes. El resto de los d\u00edas de la semana durante todo el a\u00f1o que dure este Plan Piloto podr\u00e1n pescar sin inconvenientes, siempre dentro del marco de las regulaciones normativas relativas a las artes de pesca, cupos, tallas m\u00ednimas, especies permitidas, entre otros. El Defensor del Pueblo, se\u00f1al\u00f3 que esta nueva modalidad de pesca de \u201cVeda Extendida\u201d se viene imponiendo en Provincias como Chaco y Corrientes, donde se busca encontrar un equilibrio de distintos puntos en los que se encuentran el contexto de desove, la reproducci\u00f3n de los peces, las condiciones clim\u00e1ticas, el ordenamiento de las distintas modalidades de pesca, preservar la fauna ict\u00edcola y obviamente las fuentes de trabajo de nuestros pescadores comerciales y tambi\u00e9n de los Extractores de Carnadas. En esto el Funcionario Provincial se\u00f1al\u00f3 que, \u201cexigiremos a las Direcciones Competentes del Ministerio de la Producci\u00f3n y Ambiente que las fiscalizaciones y controles se optimicen y profundicen articul\u00e1ndolos con la Polic\u00eda de la Provincia, Prefectura Naval Argentina, Gendarmer\u00eda Nacional, ya que detr\u00e1s de los pescadores comerciales existen siempre aquellos que se dedican a depredar nuestra fauna ict\u00edcola y ello no puede suceder. Los controles deben ser permanentes y en todos nuestros r\u00edos, para que de esa manera este Plan Piloto arribe a las conclusiones que necesitamos y a su vez podamos dejarles a nuestros hijos lo que nuestros ancestros nos dejaron a nosotros y para esto se debe hacer cumplir la ley\u201d. Por \u00faltimo, se\u00f1al\u00f3 adem\u00e1s que tambi\u00e9n debe existir todo un trabajo de concientizaci\u00f3n social y de responsabilidad en todos los sectores involucrados en la pesca, para mancomunadamente ir erradicando todas las irregularidades y devastaciones que se hacen en nuestros cursos h\u00eddricos.<\/p>\n","protected":false},"excerpt":{"rendered":"<p>La -Direcci\u00f3n de Ambiente y Desarrollo Sustentable \u2013 Audiencias P\u00fablicas- de la Defensor\u00eda del Pueblo de la Provincia de Formosa, inform\u00f3 que en el d\u00eda de ayer se llev\u00f3 a cabo una reuni\u00f3n de trabajo de la que participaron el Ministerio de la Producci\u00f3n y Ambiente, con la representaci\u00f3n del Ing. Julio Ram\u00f3n Soupet, Director [&hellip;]<\/p>\n","protected":false},"author":1,"featured_media":9746,"comment_status":"closed","ping_status":"closed","sticky":false,"template":"","format":"standard","meta":{"footnotes":""},"categories":[1],"tags":[],"class_list":["post-9745","post","type-post","status-publish","format-standard","has-post-thumbnail","hentry","category-noticias"],"_links":{"self":[{"href":"https:\/\/defensoriaformosa.gob.ar\/index.php?rest_route=\/wp\/v2\/posts\/9745","targetHints":{"allow":["GET"]}}],"collection":[{"href":"https:\/\/defensoriaformosa.gob.ar\/index.php?rest_route=\/wp\/v2\/posts"}],"about":[{"href":"https:\/\/defensoriaformosa.gob.ar\/index.php?rest_route=\/wp\/v2\/types\/post"}],"author":[{"embeddable":true,"href":"https:\/\/defensoriaformosa.gob.ar\/index.php?rest_route=\/wp\/v2\/users\/1"}],"replies":[{"embeddable":true,"href":"https:\/\/defensoriaformosa.gob.ar\/index.php?rest_route=%2Fwp%2Fv2%2Fcomments&post=9745"}],"version-history":[{"count":4,"href":"https:\/\/defensoriaformosa.gob.ar\/index.php?rest_route=\/wp\/v2\/posts\/9745\/revisions"}],"predecessor-version":[{"id":9752,"href":"https:\/\/defensoriaformosa.gob.ar\/index.php?rest_route=\/wp\/v2\/posts\/9745\/revisions\/9752"}],"wp:featuredmedia":[{"embeddable":true,"href":"https:\/\/defensoriaformosa.gob.ar\/index.php?rest_route=\/wp\/v2\/media\/9746"}],"wp:attachment":[{"href":"https:\/\/defensoriaformosa.gob.ar\/index.php?rest_route=%2Fwp%2Fv2%2Fmedia&parent=9745"}],"wp:term":[{"taxonomy":"category","embeddable":true,"href":"https:\/\/defensoriaformosa.gob.ar\/index.php?rest_route=%2Fwp%2Fv2%2Fcategories&post=9745"},{"taxonomy":"post_tag","embeddable":true,"href":"https:\/\/defensoriaformosa.gob.ar\/index.php?rest_route=%2Fwp%2Fv2%2Ftags&post=9745"}],"curies":[{"name":"wp","href":"https:\/\/api.w.org\/{rel}","templated":true}]}}