{"id":9741,"date":"2019-10-28T15:43:04","date_gmt":"2019-10-28T18:43:04","guid":{"rendered":"http:\/\/2015.defensoriaformosa.gob.ar\/?p=9741"},"modified":"2019-10-28T15:43:04","modified_gmt":"2019-10-28T18:43:04","slug":"exigio-la-defensoria-al-gobierno-nacional-controles-y-medidas-frente-a-nuevas-remarcaciones-de-precios-de-los-alimentos-por-la-incertidumbre-economica-y-politica","status":"publish","type":"post","link":"https:\/\/defensoriaformosa.gob.ar\/?p=9741","title":{"rendered":"EXIGIO LA DEFENSORIA AL GOBIERNO NACIONAL CONTROLES Y MEDIDAS FRENTE A NUEVAS REMARCACIONES DE PRECIOS DE LOS ALIMENTOS POR LA INCERTIDUMBRE ECONOMICA Y POLITICA"},"content":{"rendered":"<p><strong>Desde la -Direcci\u00f3n de la Defensa de Usuarios y Consumidores- de la Defensor\u00eda del Pueblo, se remiti\u00f3 en el d\u00eda de ayer una nueva Formal Actuaci\u00f3n al Jefe de Gabinete Marcos Pe\u00f1a, al Ministro de Econom\u00eda de la Naci\u00f3n Jorge Roberto Hern\u00e1n Lacunza y al Secretario de Pol\u00edtica Econ\u00f3mica Sebasti\u00e1n Katz quien reemplaz\u00f3 a Miguel Braun, para que dentro de sus competencias y de manera urgente, el Gobierno Nacional adopte todas las medidas administrativas y legales correspondientes para frenar e impedir las remarcaciones de precios que comenzaron la semana pasada y prosiguen este lunes luego de las elecciones nacionales, las grandes empresas alimentarias sobre bienes de consumo masivo, llegando algunas de ellas como en el caso de la Aceitera General Deheza, \u201csuspender la distribuci\u00f3n de productos porque carecen de precios de referencia\u201d. <\/strong><\/p>\n<p><!--more--><\/p>\n<p>El Ombudsman Provincial Dr. Jos\u00e9 Leonardo Gialluca denunci\u00f3 que los precios de los productos alimenticios esenciales aumentaron m\u00e1s de un 14% la semana pasada y el d\u00eda viernes \u00faltimo cuando el d\u00f3lar lleg\u00f3 a los $65, \u201clas empresas comenzaron aceleradamente con nuevas remarcaciones que continuar\u00e1n en estos d\u00edas y esto lo hacen por las dudas, ante la incertidumbre por la escalada del d\u00f3lar y que con seguridad todo esto se trasladar\u00e1 a las PyMEs y a los comercios minoristas y de all\u00ed a los consumidores finales que deben pagar precios irracionales e injustificados por los alimentos\u201d. Estos aumentos preventivos, deben ser frenados y la \u00fanica manera de hacerlo es a trav\u00e9s de decisiones que adopte el Gobierno Nacional dentro de sus competencias y de los instrumentos legales vigentes, ya que como nunca, es indispensable una fuerte presencia del Estado sobre las grandes empresas alimenticias que son las que en los \u00faltimos tiempos vienen determinando los precios de manera unilateral y sin ninguna fiscalizaci\u00f3n. En esta l\u00ednea de razonamiento, los empresarios tambi\u00e9n est\u00e1n practicando remarcaciones y esto se trasmite a toda la cadena de comercializaci\u00f3n, ya que el nuevo Presidente Alberto Fern\u00e1ndez y sus colaboradores, se aprestan a implementar un acuerdo de precios, \u201cy como siempre los empresarios ya est\u00e1n remarcando por si acaso y as\u00ed nunca perdieron y ya es tiempo de que el esfuerzo en lo econ\u00f3mico sea compartido porque siempre los consumidores y los asalariados son los que terminan perjudicados y pagando los excesivos m\u00e1rgenes de ganancia de las empresas, y de los supermercados\u201d.<\/p>\n","protected":false},"excerpt":{"rendered":"<p>Desde la -Direcci\u00f3n de la Defensa de Usuarios y Consumidores- de la Defensor\u00eda del Pueblo, se remiti\u00f3 en el d\u00eda de ayer una nueva Formal Actuaci\u00f3n al Jefe de Gabinete Marcos Pe\u00f1a, al Ministro de Econom\u00eda de la Naci\u00f3n Jorge Roberto Hern\u00e1n Lacunza y al Secretario de Pol\u00edtica Econ\u00f3mica Sebasti\u00e1n Katz quien reemplaz\u00f3 a Miguel [&hellip;]<\/p>\n","protected":false},"author":1,"featured_media":9552,"comment_status":"closed","ping_status":"closed","sticky":false,"template":"","format":"standard","meta":{"footnotes":""},"categories":[1,3],"tags":[],"class_list":["post-9741","post","type-post","status-publish","format-standard","has-post-thumbnail","hentry","category-noticias","category-defensa-de-los-derechos-del-usuario-consumidor-contribuyentes"],"_links":{"self":[{"href":"https:\/\/defensoriaformosa.gob.ar\/index.php?rest_route=\/wp\/v2\/posts\/9741","targetHints":{"allow":["GET"]}}],"collection":[{"href":"https:\/\/defensoriaformosa.gob.ar\/index.php?rest_route=\/wp\/v2\/posts"}],"about":[{"href":"https:\/\/defensoriaformosa.gob.ar\/index.php?rest_route=\/wp\/v2\/types\/post"}],"author":[{"embeddable":true,"href":"https:\/\/defensoriaformosa.gob.ar\/index.php?rest_route=\/wp\/v2\/users\/1"}],"replies":[{"embeddable":true,"href":"https:\/\/defensoriaformosa.gob.ar\/index.php?rest_route=%2Fwp%2Fv2%2Fcomments&post=9741"}],"version-history":[{"count":1,"href":"https:\/\/defensoriaformosa.gob.ar\/index.php?rest_route=\/wp\/v2\/posts\/9741\/revisions"}],"predecessor-version":[{"id":9742,"href":"https:\/\/defensoriaformosa.gob.ar\/index.php?rest_route=\/wp\/v2\/posts\/9741\/revisions\/9742"}],"wp:featuredmedia":[{"embeddable":true,"href":"https:\/\/defensoriaformosa.gob.ar\/index.php?rest_route=\/wp\/v2\/media\/9552"}],"wp:attachment":[{"href":"https:\/\/defensoriaformosa.gob.ar\/index.php?rest_route=%2Fwp%2Fv2%2Fmedia&parent=9741"}],"wp:term":[{"taxonomy":"category","embeddable":true,"href":"https:\/\/defensoriaformosa.gob.ar\/index.php?rest_route=%2Fwp%2Fv2%2Fcategories&post=9741"},{"taxonomy":"post_tag","embeddable":true,"href":"https:\/\/defensoriaformosa.gob.ar\/index.php?rest_route=%2Fwp%2Fv2%2Ftags&post=9741"}],"curies":[{"name":"wp","href":"https:\/\/api.w.org\/{rel}","templated":true}]}}