{"id":9717,"date":"2019-10-25T15:16:52","date_gmt":"2019-10-25T18:16:52","guid":{"rendered":"http:\/\/2015.defensoriaformosa.gob.ar\/?p=9717"},"modified":"2019-10-25T15:16:52","modified_gmt":"2019-10-25T18:16:52","slug":"veteranos-del-5-de-octubre-senalaron-al-defensor-del-pueblo-que-le-llama-la-atencion-que-luego-del-anuncio-del-presidente-de-la-nacion-no-haya-ninguna-novedad-sobre-la-indemnizacion-prometid","status":"publish","type":"post","link":"https:\/\/defensoriaformosa.gob.ar\/?p=9717","title":{"rendered":"VETERANOS DEL 5 DE OCTUBRE SE\u00d1ALARON AL DEFENSOR DEL PUEBLO, \u201cQUE LE LLAMA LA ATENCION QUE LUEGO DEL ANUNCIO DEL PRESIDENTE DE LA NACION NO HAYA NINGUNA NOVEDAD SOBRE LA INDEMNIZACION PROMETIDA\u201d"},"content":{"rendered":"<p><strong>Los veteranos de la defensa del RIM 29 Formosa, cuando el mismo fuera atacado por fuerzas irregulares el 5 de octubre de 1975 y que han sobrevivido a dicho combate, manifestaron al Ombudsman Provincial Dr. Jos\u00e9 Leonardo Gialluca que les llama la atenci\u00f3n que luego del anuncio del Presidente de la Naci\u00f3n Mauricio Macri un d\u00eda antes del Aniversario N\u00ba 44 del intento de copamiento y donde el primer mandatario en un homenaje dispuso una indemnizaci\u00f3n para familiares de los ca\u00eddos en aquella ocasi\u00f3n, todav\u00eda a\u00fan no se haya firmado ning\u00fan Decreto ni Instrumento en relaci\u00f3n a ese punto. <\/strong><\/p>\n<p><!--more--><\/p>\n<p>Por otro lado, los mismos manifestaron que la indemnizaci\u00f3n debe alcanzar a todos los que defendieron el RIM 29 y que hoy la mayor\u00eda de ellos se encuentran pasando situaci\u00f3n de salud y econ\u00f3micas apremiantes, por lo que el reconocimiento debe ser completo sino carece de sentido y de justicia. Gialluca expres\u00f3 que ambas partes decidieron esperar luego de las elecciones nacionales del pr\u00f3ximo domingo para retomar nuevamente las acciones administrativas correspondientes, y lamentaron que este anuncio del presidente de la naci\u00f3n luego de 44 a\u00f1os no se haya cumplido hasta la fecha y se\u00f1alaron que esperan que esto no haya sido \u00fanicamente algo pol\u00edtico, pues nadie quiere una utilizaci\u00f3n electoral de este hecho y por ello se entiende que se debe concretar cuanto antes una indemnizaci\u00f3n, no solamente para quienes perdieron la vida en aquella oportunidad sino tambi\u00e9n para los soldados que combatieron defendiendo la democracia que en ese momento exist\u00eda en nuestro pa\u00eds. Los veteranos que defendieron el RIM 29, manifestaron, su tristeza, desaz\u00f3n y manipulaci\u00f3n al que han sido sometidos no solamente los familiares, sino tambi\u00e9n ellos mismos y entienden que \u00fanicamente los Formose\u00f1os los reconocen como verdaderos h\u00e9roes que todav\u00eda viven como ciudadanos dentro de nuestra Comunidad.<\/p>\n","protected":false},"excerpt":{"rendered":"<p>Los veteranos de la defensa del RIM 29 Formosa, cuando el mismo fuera atacado por fuerzas irregulares el 5 de octubre de 1975 y que han sobrevivido a dicho combate, manifestaron al Ombudsman Provincial Dr. Jos\u00e9 Leonardo Gialluca que les llama la atenci\u00f3n que luego del anuncio del Presidente de la Naci\u00f3n Mauricio Macri un [&hellip;]<\/p>\n","protected":false},"author":1,"featured_media":9718,"comment_status":"closed","ping_status":"closed","sticky":false,"template":"","format":"standard","meta":{"footnotes":""},"categories":[4],"tags":[],"class_list":["post-9717","post","type-post","status-publish","format-standard","has-post-thumbnail","hentry","category-ddhh"],"_links":{"self":[{"href":"https:\/\/defensoriaformosa.gob.ar\/index.php?rest_route=\/wp\/v2\/posts\/9717","targetHints":{"allow":["GET"]}}],"collection":[{"href":"https:\/\/defensoriaformosa.gob.ar\/index.php?rest_route=\/wp\/v2\/posts"}],"about":[{"href":"https:\/\/defensoriaformosa.gob.ar\/index.php?rest_route=\/wp\/v2\/types\/post"}],"author":[{"embeddable":true,"href":"https:\/\/defensoriaformosa.gob.ar\/index.php?rest_route=\/wp\/v2\/users\/1"}],"replies":[{"embeddable":true,"href":"https:\/\/defensoriaformosa.gob.ar\/index.php?rest_route=%2Fwp%2Fv2%2Fcomments&post=9717"}],"version-history":[{"count":1,"href":"https:\/\/defensoriaformosa.gob.ar\/index.php?rest_route=\/wp\/v2\/posts\/9717\/revisions"}],"predecessor-version":[{"id":9719,"href":"https:\/\/defensoriaformosa.gob.ar\/index.php?rest_route=\/wp\/v2\/posts\/9717\/revisions\/9719"}],"wp:featuredmedia":[{"embeddable":true,"href":"https:\/\/defensoriaformosa.gob.ar\/index.php?rest_route=\/wp\/v2\/media\/9718"}],"wp:attachment":[{"href":"https:\/\/defensoriaformosa.gob.ar\/index.php?rest_route=%2Fwp%2Fv2%2Fmedia&parent=9717"}],"wp:term":[{"taxonomy":"category","embeddable":true,"href":"https:\/\/defensoriaformosa.gob.ar\/index.php?rest_route=%2Fwp%2Fv2%2Fcategories&post=9717"},{"taxonomy":"post_tag","embeddable":true,"href":"https:\/\/defensoriaformosa.gob.ar\/index.php?rest_route=%2Fwp%2Fv2%2Ftags&post=9717"}],"curies":[{"name":"wp","href":"https:\/\/api.w.org\/{rel}","templated":true}]}}