{"id":9702,"date":"2019-10-22T15:46:58","date_gmt":"2019-10-22T18:46:58","guid":{"rendered":"http:\/\/2015.defensoriaformosa.gob.ar\/?p=9702"},"modified":"2019-10-22T15:46:58","modified_gmt":"2019-10-22T18:46:58","slug":"la-defensoria-denuncio-abandono-del-gobierno-nacional-del-proyecto-de-gestion-de-residuos-urbanos-para-formosa","status":"publish","type":"post","link":"https:\/\/defensoriaformosa.gob.ar\/?p=9702","title":{"rendered":"LA DEFENSOR\u00cdA DENUNCI\u00d3 ABANDONO DEL GOBIERNO NACIONAL DEL PROYECTO DE GESTI\u00d3N DE RESIDUOS URBANOS PARA FORMOSA"},"content":{"rendered":"<p><strong>La -Direcci\u00f3n de Ambiente y Desarrollo Sustentable-, de la Defensor\u00eda del Pueblo, remiti\u00f3 una formal instancia a la Secretar\u00eda de Gobierno de Ambiente y Desarrollo Sustentable de la Naci\u00f3n, a cargo del Rabino Sergio Bergman, a los efectos de que informe el \u00bfpor qu\u00e9 del retraso en el Proyecto de Gesti\u00f3n Integral de Residuos S\u00f3lidos Urbanos para Formosa?. <\/strong><\/p>\n<p><!--more--><\/p>\n<p>El denominado Plan Provincial -GIRSU- (Programa de Gesti\u00f3n Integral de Residuos S\u00f3lidos Urbanos), arranc\u00f3 con la firma de un Convenio suscripto entre la Provincia de Formosa, a trav\u00e9s de la Subsecretar\u00eda de Recursos Naturales, Ordenamiento y Calidad Ambiental, a cargo del Dr. Hugo Bay y la Secretar\u00eda de Ambiente y Desarrollo Sustentable de Naci\u00f3n, cuyo titular es Bergman, en fecha 8 de octubre del 2015, participando Intendentes de la Ciudad Capital de Formosa, Piran\u00e9 y Las Lomitas, localidades en las que se iban a emplazar las Plantas de Tratamiento de Residuos S\u00f3lidos Urbanos, con amplia cobertura territorial en nuestra Provincia. Asumida la actual administraci\u00f3n nacional, dada la demora en iniciar el proyecto, la Defensor\u00eda del Pueblo inst\u00f3 en numerosas ocasiones al Gobierno Nacional de Mauricio Macri a ponerlo en marcha. Recibiendo s\u00f3lo evasivas que trataban de explicar el porqu\u00e9 del retraso injustificado. As\u00ed las cosas se lleg\u00f3 a marzo de este a\u00f1o en el que se tom\u00f3 conocimiento de la Actuaci\u00f3n N\u00ba 23\/19 de fecha 2\/2\/2019, mediante la cual el actual Secretario de Control y Monitoreo Ambiental Ing. Thierry Decoud, daba a entender que \u201cpor orden superior\u201d se decidi\u00f3 dar marcha atr\u00e1s con el Proyecto GIRSU para la Provincia de Formosa. No obstante, desde el Organismo de la Constituci\u00f3n, recientemente, se curs\u00f3 una nueva Actuaci\u00f3n, instando a las autoridades de la Secretar\u00eda de Ambiente de la Naci\u00f3n a abordar la problem\u00e1tica del tratamiento de los residuos s\u00f3lidos urbanos en la Provincia de Formosa, tal y como se ha realizado, destinando grandes recursos nacionales, en numerosos distritos de Provincias como Buenos Aires o en Jujuy y Mendoza, curiosamente identificados con Cambiemos. Sobre el particular el Defensor del Pueblo de la Provincia, Jos\u00e9 Leonardo Gialluca expres\u00f3: \u201cHoy, nuevamente, hemos recibido una afrenta de la Secretar\u00eda de Gobierno de Ambiente de la Naci\u00f3n, pues su Director General de Asuntos Jur\u00eddicos, Ra\u00fal Fernando Abalos Gorostiaga, sin fundamentos ni documentaci\u00f3n respaldatoria, por escrito, nos afirma que la Naci\u00f3n ha enviado fondos a Formosa para el proyecto GIRSU, cuando en el sistema nacional no existe registro alguno de tales remesas. Nos habla de que el proyecto solo ten\u00eda por objeto la contrataci\u00f3n de una consultor\u00eda para la realizaci\u00f3n de un estudio de factibilidad de las obras a 20 a\u00f1os y que no se realiz\u00f3 Audiencia P\u00fablica en Formosa. Sin embargo, tenemos en nuestro poder el instrumento del Acuerdo suscripto con el Gobierno Nacional, all\u00e1 por octubre de 2015 y hemos participado de la Audiencia P\u00fablica el 01 de julio del 2016. No nos queda otra alternativa que \u201cdenunciar que el Gobierno Nacional ha abandonado el proyecto GIRSU para Formosa\u201d y dar tr\u00e1mite a las v\u00edas administrativas y legales vigentes para que la Secretar\u00eda de Ambiente de la Naci\u00f3n, de cumplimiento al compromiso oportunamente asumido, para con nuestra Provincia a fin de poder contar con plantas de tratamientos de residuos s\u00f3lidos como las que la Naci\u00f3n ha instalado en otros distritos del pa\u00eds.<\/p>\n","protected":false},"excerpt":{"rendered":"<p>La -Direcci\u00f3n de Ambiente y Desarrollo Sustentable-, de la Defensor\u00eda del Pueblo, remiti\u00f3 una formal instancia a la Secretar\u00eda de Gobierno de Ambiente y Desarrollo Sustentable de la Naci\u00f3n, a cargo del Rabino Sergio Bergman, a los efectos de que informe el \u00bfpor qu\u00e9 del retraso en el Proyecto de Gesti\u00f3n Integral de Residuos S\u00f3lidos [&hellip;]<\/p>\n","protected":false},"author":1,"featured_media":9703,"comment_status":"closed","ping_status":"closed","sticky":false,"template":"","format":"standard","meta":{"footnotes":""},"categories":[1],"tags":[],"class_list":["post-9702","post","type-post","status-publish","format-standard","has-post-thumbnail","hentry","category-noticias"],"_links":{"self":[{"href":"https:\/\/defensoriaformosa.gob.ar\/index.php?rest_route=\/wp\/v2\/posts\/9702","targetHints":{"allow":["GET"]}}],"collection":[{"href":"https:\/\/defensoriaformosa.gob.ar\/index.php?rest_route=\/wp\/v2\/posts"}],"about":[{"href":"https:\/\/defensoriaformosa.gob.ar\/index.php?rest_route=\/wp\/v2\/types\/post"}],"author":[{"embeddable":true,"href":"https:\/\/defensoriaformosa.gob.ar\/index.php?rest_route=\/wp\/v2\/users\/1"}],"replies":[{"embeddable":true,"href":"https:\/\/defensoriaformosa.gob.ar\/index.php?rest_route=%2Fwp%2Fv2%2Fcomments&post=9702"}],"version-history":[{"count":1,"href":"https:\/\/defensoriaformosa.gob.ar\/index.php?rest_route=\/wp\/v2\/posts\/9702\/revisions"}],"predecessor-version":[{"id":9704,"href":"https:\/\/defensoriaformosa.gob.ar\/index.php?rest_route=\/wp\/v2\/posts\/9702\/revisions\/9704"}],"wp:featuredmedia":[{"embeddable":true,"href":"https:\/\/defensoriaformosa.gob.ar\/index.php?rest_route=\/wp\/v2\/media\/9703"}],"wp:attachment":[{"href":"https:\/\/defensoriaformosa.gob.ar\/index.php?rest_route=%2Fwp%2Fv2%2Fmedia&parent=9702"}],"wp:term":[{"taxonomy":"category","embeddable":true,"href":"https:\/\/defensoriaformosa.gob.ar\/index.php?rest_route=%2Fwp%2Fv2%2Fcategories&post=9702"},{"taxonomy":"post_tag","embeddable":true,"href":"https:\/\/defensoriaformosa.gob.ar\/index.php?rest_route=%2Fwp%2Fv2%2Ftags&post=9702"}],"curies":[{"name":"wp","href":"https:\/\/api.w.org\/{rel}","templated":true}]}}