{"id":9699,"date":"2019-10-21T20:15:04","date_gmt":"2019-10-21T23:15:04","guid":{"rendered":"http:\/\/2015.defensoriaformosa.gob.ar\/?p=9699"},"modified":"2019-10-21T20:15:04","modified_gmt":"2019-10-21T23:15:04","slug":"intiman-a-cruceros-del-sur-a-la-uta-y-al-municipio-a-garantizar-a-los-usuarios-los-servicios-de-emergencia-en-caso-de-un-posible-paro","status":"publish","type":"post","link":"https:\/\/defensoriaformosa.gob.ar\/?p=9699","title":{"rendered":"INTIMAN A CRUCEROS DEL SUR, A LA UTA Y AL MUNICIPIO A GARANTIZAR A LOS USUARIOS LOS SERVICIOS DE EMERGENCIA EN CASO DE UN POSIBLE PARO"},"content":{"rendered":"<p><strong>Antes las amenazas de la -Seccional Formosa de la UTA-, quienes podr\u00edan dejar a los usuarios del trasporte p\u00fablico de pasajeros de nuestra ciudad, sin este servicio esencial, desde la Defensor\u00eda del Pueblo, se intim\u00f3 tanto a la empresa Crucero del Sur Agrupaci\u00f3n, como as\u00ed tambi\u00e9n al Subsecretario de Transporte y Emergencia Dr. Jos\u00e9 Agust\u00edn Olmedo de la Municipalidad y a la -UTA- a que en forma urgente y oportuna, arbitren todas las medidas tendientes a cumplir con la prestaci\u00f3n de un Servicio de Emergencia que asegure una regularidad de dos (2) horas entre una unidad y otra en todo el territorio de las l\u00edneas afectadas, en el caso de que se decida adoptar como medida de fuerza el PARO TOTAL DEL SERVICIO DE TRANSPORTE URBANO DE PASAJEROS, anunciada para los pr\u00f3ximos d\u00edas y fundado en un reclamo de regularizaci\u00f3n salarial. <\/strong><\/p>\n<p><!--more--><\/p>\n<p>Ello, conforme fuera se\u00f1alado en diferentes medios de comunicaci\u00f3n locales por Diego Mendoza Secretario General de la UTA -Seccional Formosa- y en los t\u00e9rminos de la Ordenanza N\u00ba 2143\/89 \u201cReglamento para el Servicio de Transporte Urbano de Pasajeros de la Ciudad de Formosa\u201d, que en el inc. p) del art. 38 dispone: \u201cSiendo el servicio reglamentado por el presente r\u00e9gimen el \u00fanico medio de transporte publico accesible econ\u00f3micamente a la poblaci\u00f3n en todo el \u00e1mbito del Municipio y con el fin de asegurar la continuidad de su prestaci\u00f3n en los casos de suspensi\u00f3n o interrupci\u00f3n por m\u00e1s de dos (2) horas, abandono o caducidad de la concesi\u00f3n por causas imputables al concesionario sin que los responsables se avengan a continuar con la prestaci\u00f3n del mismo y previa intimaci\u00f3n perentoria a reanudarlo en el acto, el Departamento Ejecutivo \u201cad refer\u00e9ndum del Honorable Concejo Deliberante\u201d podr\u00e1 disponer la sustituci\u00f3n transitoria del concesionario, en forma directa y precaria por un tercero, por un plazo no mayor a seis (6) meses, conforme al presente r\u00e9gimen. Podr\u00e1, asimismo, proceder, con el auxilio de la fuerza p\u00fablica, a la requisa transitoria de los veh\u00edculos y\/o medios materiales del concesionario que fueran necesarios a tal objeto, disponiendo su utilizaci\u00f3n para prestar un servicio m\u00ednimo de emergencia y por un plazo que no podr\u00e1 exceder de noventa (90) d\u00edas. En caso de paros o huelgas del personal, sea nacional, provincial o local, los concesionarios y los respectivos gremios arbitrar\u00e1n las medidas necesarias para mantener un servicio de emergencia que asegure una regularidad de dos (2) horas entre una unidad y otra en todo el territorio de la l\u00ednea afectada. En tal caso, los veh\u00edculos llevaran en lugar visible de su exterior la leyenda \u201cServicio de Emergencia\u201d. (Sic.). el ombudsman Provincial Dr. Jos\u00e9 Leonardo Gialluca manifest\u00f3 que no desconocemos Institucionalmente el derecho constitucional de huelga, pero tambi\u00e9n as\u00ed como existen derechos, est\u00e1n las obligaciones y en este caso todas las veces que existieron medidas de fuerza, la empresa y el gremio, \u201c pareciera que se ponen de acuerdo para no brindar un servicio de emergencia, que el municipio lo debe exigir, ya que los usuarios, &#8211; no quieren multas sino colectivos funcionando como corresponde en las calles de la ciudad-.<\/p>\n","protected":false},"excerpt":{"rendered":"<p>Antes las amenazas de la -Seccional Formosa de la UTA-, quienes podr\u00edan dejar a los usuarios del trasporte p\u00fablico de pasajeros de nuestra ciudad, sin este servicio esencial, desde la Defensor\u00eda del Pueblo, se intim\u00f3 tanto a la empresa Crucero del Sur Agrupaci\u00f3n, como as\u00ed tambi\u00e9n al Subsecretario de Transporte y Emergencia Dr. Jos\u00e9 Agust\u00edn [&hellip;]<\/p>\n","protected":false},"author":1,"featured_media":9700,"comment_status":"closed","ping_status":"closed","sticky":false,"template":"","format":"standard","meta":{"footnotes":""},"categories":[1,7,3],"tags":[],"class_list":["post-9699","post","type-post","status-publish","format-standard","has-post-thumbnail","hentry","category-noticias","category-seguridad-vial","category-defensa-de-los-derechos-del-usuario-consumidor-contribuyentes"],"_links":{"self":[{"href":"https:\/\/defensoriaformosa.gob.ar\/index.php?rest_route=\/wp\/v2\/posts\/9699","targetHints":{"allow":["GET"]}}],"collection":[{"href":"https:\/\/defensoriaformosa.gob.ar\/index.php?rest_route=\/wp\/v2\/posts"}],"about":[{"href":"https:\/\/defensoriaformosa.gob.ar\/index.php?rest_route=\/wp\/v2\/types\/post"}],"author":[{"embeddable":true,"href":"https:\/\/defensoriaformosa.gob.ar\/index.php?rest_route=\/wp\/v2\/users\/1"}],"replies":[{"embeddable":true,"href":"https:\/\/defensoriaformosa.gob.ar\/index.php?rest_route=%2Fwp%2Fv2%2Fcomments&post=9699"}],"version-history":[{"count":1,"href":"https:\/\/defensoriaformosa.gob.ar\/index.php?rest_route=\/wp\/v2\/posts\/9699\/revisions"}],"predecessor-version":[{"id":9701,"href":"https:\/\/defensoriaformosa.gob.ar\/index.php?rest_route=\/wp\/v2\/posts\/9699\/revisions\/9701"}],"wp:featuredmedia":[{"embeddable":true,"href":"https:\/\/defensoriaformosa.gob.ar\/index.php?rest_route=\/wp\/v2\/media\/9700"}],"wp:attachment":[{"href":"https:\/\/defensoriaformosa.gob.ar\/index.php?rest_route=%2Fwp%2Fv2%2Fmedia&parent=9699"}],"wp:term":[{"taxonomy":"category","embeddable":true,"href":"https:\/\/defensoriaformosa.gob.ar\/index.php?rest_route=%2Fwp%2Fv2%2Fcategories&post=9699"},{"taxonomy":"post_tag","embeddable":true,"href":"https:\/\/defensoriaformosa.gob.ar\/index.php?rest_route=%2Fwp%2Fv2%2Ftags&post=9699"}],"curies":[{"name":"wp","href":"https:\/\/api.w.org\/{rel}","templated":true}]}}