{"id":9692,"date":"2019-10-20T14:01:15","date_gmt":"2019-10-20T17:01:15","guid":{"rendered":"http:\/\/2015.defensoriaformosa.gob.ar\/?p=9692"},"modified":"2019-10-20T14:01:15","modified_gmt":"2019-10-20T17:01:15","slug":"fotomultas-y-radares-como-defenderse-de-infracciones-mal-hechas-y-accionar-de-acuerdo-a-la-ley-vigente-en-un-pais-donde-se-superponen-la-ley-nacional-con-legislaciones-provinciales","status":"publish","type":"post","link":"https:\/\/defensoriaformosa.gob.ar\/?p=9692","title":{"rendered":"FOTOMULTAS Y RADARES: C\u00d3MO DEFENDERSE DE INFRACCIONES MAL HECHAS Y ACCIONAR DE ACUERDO A LA LEY VIGENTE EN UN PA\u00cdS DONDE SE SUPERPONEN LA LEY NACIONAL CON LEGISLACIONES PROVINCIALES"},"content":{"rendered":"<p><strong>Ante la proximidad de fechas festivas, como as\u00ed tambi\u00e9n del receso escolar que lleva a las vacaciones de verano, situaciones que originan el traslado de cientos de familias a diferentes puntos del pa\u00eds utilizando las distintas Rutas Provinciales y Nacionales, desde la Defensor\u00eda del Pueblo de la Provincia de Formosa, advirtieron sobre algunos aspectos relativos a las denominadas \u201cfotomultas\u201d emitidas a trav\u00e9s de radares o cinem\u00f3metros, motivo de numerosos reclamos. <\/strong><\/p>\n<p><!--more--><\/p>\n<p>En tal sentido, el Defensor del Pueblo de la Provincia, Dr. Jos\u00e9 Leonardo Gialluca, destac\u00f3 que hay ciertos requisitos t\u00e9cnicos y legales que, hacen a la validez de las mismas y a la exigencia o no del pago de la multa. En primer lugar, se debe tener en cuenta que, existe una Ley Nacional de Tr\u00e1nsito N\u00ba 24.449, la que invita a las provincias a adherirse a la misma, sin embargo, al ser la Rep\u00fablica Argentina un pa\u00eds federal y el transito una cuesti\u00f3n de competencia local, las provincias y los municipios tienen la potestad de efectuar controles y labrar actas de infracci\u00f3n, entre ellas, las \u201cfotomultas\u201d, tal como lo indica la Agencia Nacional de Seguridad Vial, dejando aclarado tambi\u00e9n que, las provincias de Buenos Aires, Santa Fe y C\u00f3rdoba realizaron reservas en la materia, pero, m\u00e1s all\u00e1 de que los radares est\u00e1n sujetos a controles previos para su funcionamiento, el principal cuestionamiento recae sobre el modo de fiscalizaci\u00f3n por parte de las autoridades; empezando por la falta total o insuficiente de se\u00f1alizaci\u00f3n que alerte a los conductores sobre la existencia de cinem\u00f3metros y la velocidad m\u00e1xima permitida en determinados lugares, la falta de notificaci\u00f3n por un funcionario en el momento de la supuesta infracci\u00f3n, entre otras irregularidades, lo que, nos lleva a otro tema muy importante, dado que, la mayor\u00eda de los casos planteados por ante este Organismo de la Constituci\u00f3n, se refieren a la deficiente notificaci\u00f3n o falta de notificaci\u00f3n de las Actas de Infracci\u00f3n, ya que, muchas veces, los ciudadanos toman conocimiento de tales Actas o de la Resoluci\u00f3n que la deja firme, cuando \u00e9stas se hallan arrojadas en sus inmuebles, o a\u00fan peor se \u201centeran\u201d en el Registro del Automotor, cuando van a realizar alg\u00fan tr\u00e1mite. Como se podr\u00e1 observar en las Actas &#8211; que tambi\u00e9n son cupones de pago &#8211; se ofrece a los destinatarios distintas modalidades de pago, pero no as\u00ed, la posibilidad de defenderse, al no haber coordinaci\u00f3n entre las distintas jurisdicciones ni existir convenios de reciprocidad, no pudi\u00e9ndose aplicar lo que dispone la Ley Nacional de Tr\u00e1nsito en lo que se refiere al derecho de opci\u00f3n de pr\u00f3rroga de jurisdicci\u00f3n, por lo que, las infracciones deben discutirse en el lugar donde se labraron, debido a la ausencia de colaboraci\u00f3n para las notificaciones y juzgamiento. Es as\u00ed que, la falta de homogeneidad de procedimientos, sumado a las \u201cirregularidades en la fiscalizaci\u00f3n\u201d y ulterior \u201cnotificaci\u00f3n\u201d, acarrea serios inconvenientes a los ciudadanos afectados que se ven obligados a pagar una abultadas sumas de dinero por una supuesta infracci\u00f3n, sin tener la posibilidad concreta de poder hacer su descargo cuando se est\u00e1 a cientos de kil\u00f3metros del lugar de juzgamiento. Es as\u00ed que, verificados determinados vicios y\/o la falta de notificaci\u00f3n, la supuesta multa no puede constituir un cr\u00e9dito fiscal ni t\u00edtulo de apremio valido; la legalidad de la Administraci\u00f3n es un pilar fundamental sin el cual no existe estado de derecho, lo que implica que la misma, debe someterse a la ley y solo podr\u00e1 realizar actos que est\u00e9n permitidos por una norma preexistente. Por todo lo expuesto, ante la imputaci\u00f3n de este tipo de multas, el Defensor del Pueblo de Formosa, invita a los interesados que quieran realizar sus planteos, a que concurran a la Sede de la Defensor\u00eda del Pueblo sito en calle Padre Pati\u00f1o N\u00ba 831 de nuestra ciudad o comunicarse v\u00eda telef\u00f3nica a los n\u00fameros: 3704 436379 \u2013 3704 436320 y\/o v\u00eda correo electr\u00f3nico: depuefor@fibertel.com.ar \u2013 denuncia@formosa.gov.ar<\/p>\n","protected":false},"excerpt":{"rendered":"<p>Ante la proximidad de fechas festivas, como as\u00ed tambi\u00e9n del receso escolar que lleva a las vacaciones de verano, situaciones que originan el traslado de cientos de familias a diferentes puntos del pa\u00eds utilizando las distintas Rutas Provinciales y Nacionales, desde la Defensor\u00eda del Pueblo de la Provincia de Formosa, advirtieron sobre algunos aspectos relativos [&hellip;]<\/p>\n","protected":false},"author":1,"featured_media":9693,"comment_status":"closed","ping_status":"closed","sticky":false,"template":"","format":"standard","meta":{"footnotes":""},"categories":[1,7,3],"tags":[],"class_list":["post-9692","post","type-post","status-publish","format-standard","has-post-thumbnail","hentry","category-noticias","category-seguridad-vial","category-defensa-de-los-derechos-del-usuario-consumidor-contribuyentes"],"_links":{"self":[{"href":"https:\/\/defensoriaformosa.gob.ar\/index.php?rest_route=\/wp\/v2\/posts\/9692","targetHints":{"allow":["GET"]}}],"collection":[{"href":"https:\/\/defensoriaformosa.gob.ar\/index.php?rest_route=\/wp\/v2\/posts"}],"about":[{"href":"https:\/\/defensoriaformosa.gob.ar\/index.php?rest_route=\/wp\/v2\/types\/post"}],"author":[{"embeddable":true,"href":"https:\/\/defensoriaformosa.gob.ar\/index.php?rest_route=\/wp\/v2\/users\/1"}],"replies":[{"embeddable":true,"href":"https:\/\/defensoriaformosa.gob.ar\/index.php?rest_route=%2Fwp%2Fv2%2Fcomments&post=9692"}],"version-history":[{"count":1,"href":"https:\/\/defensoriaformosa.gob.ar\/index.php?rest_route=\/wp\/v2\/posts\/9692\/revisions"}],"predecessor-version":[{"id":9694,"href":"https:\/\/defensoriaformosa.gob.ar\/index.php?rest_route=\/wp\/v2\/posts\/9692\/revisions\/9694"}],"wp:featuredmedia":[{"embeddable":true,"href":"https:\/\/defensoriaformosa.gob.ar\/index.php?rest_route=\/wp\/v2\/media\/9693"}],"wp:attachment":[{"href":"https:\/\/defensoriaformosa.gob.ar\/index.php?rest_route=%2Fwp%2Fv2%2Fmedia&parent=9692"}],"wp:term":[{"taxonomy":"category","embeddable":true,"href":"https:\/\/defensoriaformosa.gob.ar\/index.php?rest_route=%2Fwp%2Fv2%2Fcategories&post=9692"},{"taxonomy":"post_tag","embeddable":true,"href":"https:\/\/defensoriaformosa.gob.ar\/index.php?rest_route=%2Fwp%2Fv2%2Ftags&post=9692"}],"curies":[{"name":"wp","href":"https:\/\/api.w.org\/{rel}","templated":true}]}}