{"id":9642,"date":"2019-10-11T16:10:00","date_gmt":"2019-10-11T19:10:00","guid":{"rendered":"http:\/\/2015.defensoriaformosa.gob.ar\/?p=9642"},"modified":"2019-10-11T16:10:00","modified_gmt":"2019-10-11T19:10:00","slug":"pidio-la-defensoria-del-pueblo-que-en-el-dia-del-respeto-a-la-diversidad-cultural-reflexionemos-para-poder-ponernos-en-el-lugar-de-aquellos-que-se-sienten-desplazados","status":"publish","type":"post","link":"https:\/\/defensoriaformosa.gob.ar\/?p=9642","title":{"rendered":"PIDIO LA DEFENSORIA DEL PUEBLO QUE EN EL DIA DEL RESPETO A LA DIVERSIDAD CULTURAL REFLEXIONEMOS PARA PODER PONERNOS EN EL LUGAR DE AQUELLOS QUE SE SIENTEN DESPLAZADOS"},"content":{"rendered":"<p><strong>La -Direcci\u00f3n de Derechos Humanos y Grupos Minoritarios- de la Defensor\u00eda del Pueblo de la Provincia de Formosa, se\u00f1al\u00f3 que este 12 de octubre es una fecha que debemos utilizar en Formosa y en la Argentina para promover la reflexi\u00f3n hist\u00f3rica y el di\u00e1logo intercultural acerca de los derechos de los pueblos originarios, como as\u00ed tambi\u00e9n para aquellos colectivos que han hecho elecciones sexuales determinadas, entre otros. <\/strong><\/p>\n<p><strong><!--more--><\/strong><\/p>\n<p>El Ombudsman Provincial Dr. Jos\u00e9 Leonardo Gialluca, record\u00f3 que el D\u00eda del Respeto a la Diversidad Cultural fue instaurado por medio del Decreto de Necesidad y Urgencia 1564\/2010 emitido por la Presidente Cristina Fern\u00e1ndez de Kirchner y fue muy importante la decisi\u00f3n de cambiar el nombre del feriado del 12 de octubre, ya que el t\u00e9rmino utilizado anteriormente (\u201cD\u00eda de la Raza\u201d) era ofensivo y discriminatorio. El cambio en el significado del feriado \u00abimplica armonizar la legislaci\u00f3n nacional con el derecho de los pueblos ind\u00edgenas, consagrando y reconociendo que los derechos humanos tienen los caracteres de universalidad, indivisibilidad e interdependencia\u00bb. Vale destacar que la Constituci\u00f3n Nacional consagra el derecho a la igualdad en sus art\u00edculos 16 y 75, inciso 23; mientras que el art\u00edculo 75, inciso 17 reconoce la preexistencia \u00e9tnica y cultural de los pueblos ind\u00edgenas argentinos, garantizando el respeto a su identidad y el derecho a una educaci\u00f3n biling\u00fce e intercultural y el art\u00edculo 75, inciso 22 otorga jerarqu\u00eda constitucional a los instrumentos internacionales de derechos humanos all\u00ed enumerados, los cuales a su vez consagran en m\u00e1s de una oportunidad el mencionado principio de igualdad y no discriminaci\u00f3n. El propio Papa Francisco ha sostenido estos d\u00edas que: \u00abEn nuestro pa\u00eds un lema, civilizaci\u00f3n y barbarie, sirvi\u00f3 para dividir, para aniquilar. Y hacia fines de los a\u00f1os 80 lleg\u00f3 al culmen de aniquilar a la mayor\u00eda de los pueblos originarias, porque eran barbarie. Y la civilizaci\u00f3n ven\u00eda de otro lado. Es el desprecio de los pueblos. Y voy a mi experiencia en mi tierra y esa civilizaci\u00f3n y barbarie que sirvi\u00f3 para aniquilar al pueblo, todav\u00eda sigue en mi patria. Con palabras ofensivas, entonces se habla de civilizaci\u00f3n de segundo grado, los que vienen de la barbarie y hoy son los bolitas, los paraguayos, los paraguas, los cabecitas negras&#8230;. Esa es la experiencia de mi pa\u00eds. Y despu\u00e9s el desprecio\u00bb. Gialluca se\u00f1al\u00f3 que los calificativos de mulatos, negros, indios, mestizos, cabecita, blanco, gaucho, jud\u00edo, chino, groncho, paragua, brasuca, pobre, bolita, yorugua y una infinidad de calificativos nos invaden a lo largo de la historia y en la actualidad; y lo que es peor es que el actual candidato a Vicepresidente de la Naci\u00f3n Miguel Pichetto tiene en la mira a los inmigrantes y hasta ha propuesto implementar una VISA, olvid\u00e1ndose que la Argentina estuvo poblada primero por los abor\u00edgenes y luego vinieron los inmigrantes que hicieron verdaderamente patria en nuestra naci\u00f3n; es que estamos hechos de una gran variedad cultural y, si bien los tiempos cambiaron, todav\u00eda existe una fuerte negaci\u00f3n a la diversidad por gran parte de la poblaci\u00f3n. Pero \u00bfcu\u00e1l es el t\u00edtulo que poseen para referirse a las personas de forma despectiva? Esa es la pregunta que se deber\u00edan hacer aquellos que creen tener el poder de clasificar a los dem\u00e1s. Por ello, desde el Organismo de la Constituci\u00f3n se se\u00f1al\u00f3 que es nuestra obligaci\u00f3n moral, la de llevar adelante la bandera de la igualdad de condiciones, la educaci\u00f3n de nuestros hijos es una buena manera de empezar el cambio, debemos ser el espejo a seguir con actitudes que denoten el respeto por los dem\u00e1s, pero para esto se necesita un compromiso firme y concreto, debemos modificar el rumbo que se estableci\u00f3 por a\u00f1os y a\u00f1os. Queremos que este d\u00eda, nos sirva para ponernos en el lugar de los que se sienten desplazados por el simple hecho de pertenecer a tal o cual etnia, adoptar tal o cual elecci\u00f3n sexual, tener tal o cual color de piel. De nosotros depende aprovechar lo mejor de las dem\u00e1s culturas a partir del conocimiento y la interacci\u00f3n con los dem\u00e1s.<\/p>\n","protected":false},"excerpt":{"rendered":"<p>La -Direcci\u00f3n de Derechos Humanos y Grupos Minoritarios- de la Defensor\u00eda del Pueblo de la Provincia de Formosa, se\u00f1al\u00f3 que este 12 de octubre es una fecha que debemos utilizar en Formosa y en la Argentina para promover la reflexi\u00f3n hist\u00f3rica y el di\u00e1logo intercultural acerca de los derechos de los pueblos originarios, como as\u00ed [&hellip;]<\/p>\n","protected":false},"author":1,"featured_media":9643,"comment_status":"closed","ping_status":"closed","sticky":false,"template":"","format":"standard","meta":{"footnotes":""},"categories":[4],"tags":[],"class_list":["post-9642","post","type-post","status-publish","format-standard","has-post-thumbnail","hentry","category-ddhh"],"_links":{"self":[{"href":"https:\/\/defensoriaformosa.gob.ar\/index.php?rest_route=\/wp\/v2\/posts\/9642","targetHints":{"allow":["GET"]}}],"collection":[{"href":"https:\/\/defensoriaformosa.gob.ar\/index.php?rest_route=\/wp\/v2\/posts"}],"about":[{"href":"https:\/\/defensoriaformosa.gob.ar\/index.php?rest_route=\/wp\/v2\/types\/post"}],"author":[{"embeddable":true,"href":"https:\/\/defensoriaformosa.gob.ar\/index.php?rest_route=\/wp\/v2\/users\/1"}],"replies":[{"embeddable":true,"href":"https:\/\/defensoriaformosa.gob.ar\/index.php?rest_route=%2Fwp%2Fv2%2Fcomments&post=9642"}],"version-history":[{"count":1,"href":"https:\/\/defensoriaformosa.gob.ar\/index.php?rest_route=\/wp\/v2\/posts\/9642\/revisions"}],"predecessor-version":[{"id":9644,"href":"https:\/\/defensoriaformosa.gob.ar\/index.php?rest_route=\/wp\/v2\/posts\/9642\/revisions\/9644"}],"wp:featuredmedia":[{"embeddable":true,"href":"https:\/\/defensoriaformosa.gob.ar\/index.php?rest_route=\/wp\/v2\/media\/9643"}],"wp:attachment":[{"href":"https:\/\/defensoriaformosa.gob.ar\/index.php?rest_route=%2Fwp%2Fv2%2Fmedia&parent=9642"}],"wp:term":[{"taxonomy":"category","embeddable":true,"href":"https:\/\/defensoriaformosa.gob.ar\/index.php?rest_route=%2Fwp%2Fv2%2Fcategories&post=9642"},{"taxonomy":"post_tag","embeddable":true,"href":"https:\/\/defensoriaformosa.gob.ar\/index.php?rest_route=%2Fwp%2Fv2%2Ftags&post=9642"}],"curies":[{"name":"wp","href":"https:\/\/api.w.org\/{rel}","templated":true}]}}