{"id":9618,"date":"2019-10-08T15:06:20","date_gmt":"2019-10-08T18:06:20","guid":{"rendered":"http:\/\/2015.defensoriaformosa.gob.ar\/?p=9618"},"modified":"2019-10-08T15:06:20","modified_gmt":"2019-10-08T18:06:20","slug":"la-defensoria-impugnara-ante-la-justicia-federal-el-aumento-en-el-transporte-de-la-energia-dispuesto-por-el-gobierno-nacional-sin-audiencia-publica","status":"publish","type":"post","link":"https:\/\/defensoriaformosa.gob.ar\/?p=9618","title":{"rendered":"LA DEFENSOR\u00cdA IMPUGNAR\u00c1 ANTE LA JUSTICIA FEDERAL EL AUMENTO EN EL TRANSPORTE DE LA ENERG\u00cdA DISPUESTO POR EL GOBIERNO NACIONAL SIN AUDIENCIA PUBLICA"},"content":{"rendered":"<p><strong>El Defensor del Pueblo, Jos\u00e9 Leonardo Gialluca, calific\u00f3 de inoportuno, irracional y abiertamente inconstitucional al aumento de la tarifa del transporte de energ\u00eda para la Regi\u00f3n Nea, dispuesto por Resoluci\u00f3n N\u00ba 270\/19 del Ente Nacional Regulador de la Electricidad (ENRE)-<\/strong><\/p>\n<p><!--more--><\/p>\n<p>El Ombudsman Provincial, se\u00f1al\u00f3 como inoportuno disponer un incremento en un servicio p\u00fablico en el momento en que \u201csupuestamente\u201d se realiza desde el Gobierno Nacional un esfuerzo por proteger la econom\u00eda de los sectores socioecon\u00f3micamente m\u00e1s castigados del pa\u00eds, los cuales son los m\u00e1s perjudicados por la crisis econ\u00f3mica que atravesamos. Al elevarse el costo del transporte, es decir el precio que se paga a la empresa TRANSNEA para hacer llegar la energ\u00eda al territorio provincial, la Distribuidora local, REFSA, seguramente trasladar\u00e1 el mayor costo a los usuarios residenciales y comerciales. La medida es irracional, subrayo adem\u00e1s Gialluca, pues impactar\u00e1 precisamente en franjas sociales vulnerables de la clase media que est\u00e1n haciendo enormes esfuerzos por soportar el peso que las elevadas tarifas fijadas por el Gobierno Nacional cargan sobre sus devaluados salarios, golpeados por una inflaci\u00f3n que no parece que pueda ser contenida con las recientes acciones dispuestas de manera paliativa por la actual administraci\u00f3n de Mauricio Macri. Finalmente, enfatiz\u00f3 el funcionario provincial, la objeci\u00f3n m\u00e1s seria que podemos hacer a la Resoluci\u00f3n 270\/19 del ENRE es que la misma es abiertamente Inconstitucional, pues viola elementales garant\u00edas previstas por la Constituci\u00f3n Nacional en su Art. 42 que apuntan a brindar adecuada y veraz informaci\u00f3n, como as\u00ed tambi\u00e9n a proteger los intereses econ\u00f3micos de los usuarios en la relaci\u00f3n de consumo. Todo lo cual se sintetiza en la obligaci\u00f3n del ENRE de llamar a Audiencia P\u00fablica, en los casos de fijaci\u00f3n de nuevas tarifas de transporte de energ\u00eda, conforme el Art. 46 de la Ley Nacional N\u00ba 24.065 de creaci\u00f3n del Ente Nacional Regulador de la Electricidad, procedimiento que no se ha seguido en lo absoluto y que habilita el planteo de inconstitucionalidad por ante la Justicia Federal el cual estaremos formalizando en los pr\u00f3ximos d\u00edas. Gialluca record\u00f3 que esto ya no es una casualidad, toda vez que el Directorio del ENRE est\u00e1 dirigido por Andr\u00e9s Chambouleyron, quien fuera durante a\u00f1os el segundo del Ing. Juan Jos\u00e9 Aranguren quienes pasar\u00e1n a la historia por no respetar las decisiones de la CSJN en cuanto a modificar precios de tarifas sin convocar a Audiencias P\u00fablicas.<\/p>\n","protected":false},"excerpt":{"rendered":"<p>El Defensor del Pueblo, Jos\u00e9 Leonardo Gialluca, calific\u00f3 de inoportuno, irracional y abiertamente inconstitucional al aumento de la tarifa del transporte de energ\u00eda para la Regi\u00f3n Nea, dispuesto por Resoluci\u00f3n N\u00ba 270\/19 del Ente Nacional Regulador de la Electricidad (ENRE)-<\/p>\n","protected":false},"author":1,"featured_media":9619,"comment_status":"closed","ping_status":"closed","sticky":false,"template":"","format":"standard","meta":{"footnotes":""},"categories":[3],"tags":[],"class_list":["post-9618","post","type-post","status-publish","format-standard","has-post-thumbnail","hentry","category-defensa-de-los-derechos-del-usuario-consumidor-contribuyentes"],"_links":{"self":[{"href":"https:\/\/defensoriaformosa.gob.ar\/index.php?rest_route=\/wp\/v2\/posts\/9618","targetHints":{"allow":["GET"]}}],"collection":[{"href":"https:\/\/defensoriaformosa.gob.ar\/index.php?rest_route=\/wp\/v2\/posts"}],"about":[{"href":"https:\/\/defensoriaformosa.gob.ar\/index.php?rest_route=\/wp\/v2\/types\/post"}],"author":[{"embeddable":true,"href":"https:\/\/defensoriaformosa.gob.ar\/index.php?rest_route=\/wp\/v2\/users\/1"}],"replies":[{"embeddable":true,"href":"https:\/\/defensoriaformosa.gob.ar\/index.php?rest_route=%2Fwp%2Fv2%2Fcomments&post=9618"}],"version-history":[{"count":1,"href":"https:\/\/defensoriaformosa.gob.ar\/index.php?rest_route=\/wp\/v2\/posts\/9618\/revisions"}],"predecessor-version":[{"id":9620,"href":"https:\/\/defensoriaformosa.gob.ar\/index.php?rest_route=\/wp\/v2\/posts\/9618\/revisions\/9620"}],"wp:featuredmedia":[{"embeddable":true,"href":"https:\/\/defensoriaformosa.gob.ar\/index.php?rest_route=\/wp\/v2\/media\/9619"}],"wp:attachment":[{"href":"https:\/\/defensoriaformosa.gob.ar\/index.php?rest_route=%2Fwp%2Fv2%2Fmedia&parent=9618"}],"wp:term":[{"taxonomy":"category","embeddable":true,"href":"https:\/\/defensoriaformosa.gob.ar\/index.php?rest_route=%2Fwp%2Fv2%2Fcategories&post=9618"},{"taxonomy":"post_tag","embeddable":true,"href":"https:\/\/defensoriaformosa.gob.ar\/index.php?rest_route=%2Fwp%2Fv2%2Ftags&post=9618"}],"curies":[{"name":"wp","href":"https:\/\/api.w.org\/{rel}","templated":true}]}}