{"id":9611,"date":"2019-10-06T17:25:20","date_gmt":"2019-10-06T20:25:20","guid":{"rendered":"http:\/\/2015.defensoriaformosa.gob.ar\/?p=9611"},"modified":"2019-10-06T17:25:20","modified_gmt":"2019-10-06T20:25:20","slug":"impulsan-desde-la-defensoria-una-serie-de-acciones-para-visibilizar-la-problematica-del-suicidio-adolescente","status":"publish","type":"post","link":"https:\/\/defensoriaformosa.gob.ar\/?p=9611","title":{"rendered":"IMPULSAN DESDE LA DEFENSORIA UNA SERIE DE ACCIONES PARA \u201cVISIBILIZAR LA PROBLEM\u00c1TICA DEL SUICIDIO ADOLESCENTE\u201d"},"content":{"rendered":"<p><strong>El suicidio es definido por la Organizaci\u00f3n Mundial de la Salud (OMS) como el acto deliberado de quitarse la vida. Su prevalencia y los m\u00e9todos utilizados var\u00edan de acuerdo a los diferentes pa\u00edses. <\/strong><\/p>\n<p><!--more--><\/p>\n<p>Desde el punto de vista de la salud mental, los y las adolescentes poseen vulnerabilidades particulares, por su etapa del desarrollo. En este contexto, desde la -Direcci\u00f3n de Ni\u00f1ez y Adolescencia- de la Defensor\u00eda del Pueblo de la Provincia de Formosa, se viene impulsando una serie de acciones concretas para \u201cvisibilizar\u201d la problem\u00e1tica del suicidio y promover as\u00ed acciones de prevenci\u00f3n para reducir los \u00edndices de mortalidad ligados a esta causa y en ello se han concretado \u201cmedidas de car\u00e1cter preventivo\u201d, que pasan por \u201chablar\u201d del suicidio y trasladar esta tem\u00e1tica a escuelas, colegios, medios de comunicaci\u00f3n, ya que est\u00e1 aprobado y se considera que la visibilizaci\u00f3n desincentiva las tendencias suicidas. Por ello, la OMS afirma que las tasas de suicidio han aumentado en un 60% en los \u00faltimo 50 a\u00f1os y ese incremento ha sido m\u00e1s marcado entre los j\u00f3venes, al punto de convertirlos en la actualidad en el grupo de mayor riesgo en un tercio de los pa\u00edses del mundo. El suicidio a nivel mundial se encuentra entre las tres primeras causas de muerte en las personas de 15 a 44 a\u00f1os. Actualmente es la segunda causa de defunci\u00f3n en el grupo de 10 a 19 a\u00f1os. Seg\u00fan el Ministerio de la Salud, en Argentina la tasa de suicidio es de 7.8 cada 100.000 habitantes. Las conductas suicidas engloban: suicidio consumado (muerte derivada de lesi\u00f3n, envenenamiento o asfixia mec\u00e1nica con evidencia expl\u00edcita o impl\u00edcita de que el sujeto ten\u00eda alguna intenci\u00f3n de matarse), tentativa de suicidio (comportamiento autolesivo sin resultado letal en el que hay evidencia expl\u00edcita o impl\u00edcita de que el sujeto ten\u00eda alguna intenci\u00f3n de matarse), ideaci\u00f3n suicida (cualquier manifestaci\u00f3n del sujeto que exprese el pensamiento de llevar a cabo un comportamiento relacionado con el suicidio). Los factores de riesgo pueden ser No Modificables: G\u00e9nero masculino (el hombre tiene mayor efectividad en completar el acto suicida, un 80%, mientras la mujer es quien realiza un mayor n\u00famero de intentos y encuentra la muerte s\u00f3lo en un 20%), edad avanzada, cauc\u00e1sico, antecedentes familiares de conducta suicida; Potencialmente Modificables: Enfermedades mentales, consumo activo de sustancias, aislamiento social, idea de desesperanza, rasgos de personalidad impulsivo-agresivos, estresantes vitales (eventos negativos, abuso f\u00edsico, abuso sexual), circunstancias socioculturales (nivel socioecon\u00f3mico, problemas laborales, etc.). Los Indicadores de riesgo inminente en adolescentes son: hablar de ser una carga para otros, severa desesperanza o pesimismo, p\u00e9rdida de inter\u00e9s o placer, inquietud, agitaci\u00f3n o ansiedad en aumento, alucinaciones, inhabilidad para concentrarse y tomar decisiones, dormir mucho o muy poco, aumento en el consumo de drogas, preocupaci\u00f3n por p\u00e9rdidas. El Ombudsman Provincial Dr. Jos\u00e9 Leonardo Gialluca, advirti\u00f3 que en principio se debe tener en cuenta que el suicida ve a la muerte como una soluci\u00f3n. Es por esto que, adem\u00e1s de la visibilizaci\u00f3n, desde el Organismo de la Constituci\u00f3n, se Instar\u00e1 a la reglamentaci\u00f3n de La Ley 27.130 o Ley Nacional de Prevenci\u00f3n del Suicidio, que fue sancionada el 11 de marzo de 2015 y promulgada el 6 de abril del mismo a\u00f1o. La misma tiene como objetivo la disminuci\u00f3n de la incidencia y prevalencia del suicidio, a trav\u00e9s de la prevenci\u00f3n, la asistencia y la posvenci\u00f3n, que son las acciones destinadas a trabajar con el entorno de la persona que se quit\u00f3 la vida para evitar nuevos eventos. La Autoridad de Aplicaci\u00f3n es el Ministerio de Salud de la Naci\u00f3n, que debe elaborar protocolos de atenci\u00f3n y emergencia; crear un registro con informaci\u00f3n estad\u00edstica sobre suicidios cometidos e intentos; desarrollar programas de capacitaci\u00f3n, campa\u00f1as y recomendaciones a los medios de comunicaci\u00f3n para el abordaje responsable de las noticias vinculadas a estos actos. Por ello estamos convencidos que se debe hacer hincapi\u00e9 en la necesidad de hablar abierta y honestamente en relaci\u00f3n al suicidio, evitando comentarios peyorativos o explicaciones simplistas de un fen\u00f3meno altamente complejo.<\/p>\n","protected":false},"excerpt":{"rendered":"<p>El suicidio es definido por la Organizaci\u00f3n Mundial de la Salud (OMS) como el acto deliberado de quitarse la vida. Su prevalencia y los m\u00e9todos utilizados var\u00edan de acuerdo a los diferentes pa\u00edses.<\/p>\n","protected":false},"author":1,"featured_media":9612,"comment_status":"closed","ping_status":"closed","sticky":false,"template":"","format":"standard","meta":{"footnotes":""},"categories":[1],"tags":[],"class_list":["post-9611","post","type-post","status-publish","format-standard","has-post-thumbnail","hentry","category-noticias"],"_links":{"self":[{"href":"https:\/\/defensoriaformosa.gob.ar\/index.php?rest_route=\/wp\/v2\/posts\/9611","targetHints":{"allow":["GET"]}}],"collection":[{"href":"https:\/\/defensoriaformosa.gob.ar\/index.php?rest_route=\/wp\/v2\/posts"}],"about":[{"href":"https:\/\/defensoriaformosa.gob.ar\/index.php?rest_route=\/wp\/v2\/types\/post"}],"author":[{"embeddable":true,"href":"https:\/\/defensoriaformosa.gob.ar\/index.php?rest_route=\/wp\/v2\/users\/1"}],"replies":[{"embeddable":true,"href":"https:\/\/defensoriaformosa.gob.ar\/index.php?rest_route=%2Fwp%2Fv2%2Fcomments&post=9611"}],"version-history":[{"count":1,"href":"https:\/\/defensoriaformosa.gob.ar\/index.php?rest_route=\/wp\/v2\/posts\/9611\/revisions"}],"predecessor-version":[{"id":9613,"href":"https:\/\/defensoriaformosa.gob.ar\/index.php?rest_route=\/wp\/v2\/posts\/9611\/revisions\/9613"}],"wp:featuredmedia":[{"embeddable":true,"href":"https:\/\/defensoriaformosa.gob.ar\/index.php?rest_route=\/wp\/v2\/media\/9612"}],"wp:attachment":[{"href":"https:\/\/defensoriaformosa.gob.ar\/index.php?rest_route=%2Fwp%2Fv2%2Fmedia&parent=9611"}],"wp:term":[{"taxonomy":"category","embeddable":true,"href":"https:\/\/defensoriaformosa.gob.ar\/index.php?rest_route=%2Fwp%2Fv2%2Fcategories&post=9611"},{"taxonomy":"post_tag","embeddable":true,"href":"https:\/\/defensoriaformosa.gob.ar\/index.php?rest_route=%2Fwp%2Fv2%2Ftags&post=9611"}],"curies":[{"name":"wp","href":"https:\/\/api.w.org\/{rel}","templated":true}]}}