{"id":9605,"date":"2019-10-04T15:05:42","date_gmt":"2019-10-04T18:05:42","guid":{"rendered":"http:\/\/2015.defensoriaformosa.gob.ar\/?p=9605"},"modified":"2019-10-04T15:05:42","modified_gmt":"2019-10-04T18:05:42","slug":"afirmaron-desde-la-defensoria-que-el-trabajo-y-reconocimiento-por-los-derechos-humanos-nunca-estuvieron-en-la-agenda-del-actual-gobierno-nacional","status":"publish","type":"post","link":"https:\/\/defensoriaformosa.gob.ar\/?p=9605","title":{"rendered":"AFIRMARON DESDE LA DEFENSORIA QUE EL TRABAJO Y RECONOCIMIENTO POR LOS DERECHOS HUMANOS NUNCA ESTUVIERON EN LA AGENDA DEL ACTUAL GOBIERNO NACIONAL"},"content":{"rendered":"<p><strong>Por oportunismo electoral, se anunci\u00f3 ayer la firma de un Decreto para hacer prosperar una Iniciativa legislativa que les reconoce un subsidio extraordinario a los familiares de los fallecidos en el copamiento al RIM 29 y nada se dijo sobre los soldados que contin\u00faan con vida a la fecha.<\/strong><\/p>\n<p><!--more--><\/p>\n<p>Desde la -Direcci\u00f3n de Derechos Humanos- de este Organismo de la Constituci\u00f3n, se notific\u00f3 formalmente al Centro de Veteranos \u201c5 de Octubre\u201d, la respuesta brindada desde el Gobierno Nacional de Mauricio Macri, a trav\u00e9s del Ministerio de Justicia y Derechos Humanos, en relaci\u00f3n al pedido de resarcimientos econ\u00f3micos para los ca\u00eddos, heridos y derechohabientes que participaron como soldados conscriptos en defensa del Regimiento de Infanter\u00eda de Monte 29 de nuestra provincia el 5 de octubre de 1.975; y en la cual el P.E.N. ha dejado bien en claro que este tema no es de su competencia y que para ello se debe esperar que el Congreso de la Naci\u00f3n, sancione alguna iniciativa al respecto. El Defensor del Pueblo Dr. Jos\u00e9 Leonardo Gialluca, se\u00f1al\u00f3 que a 44 a\u00f1os de aquel ataque perpetrado durante un Gobierno Constitucional, organizado por fuerzas irregulares, venimos Institucionalmente observando a\u00f1o tras a\u00f1o homenajes a los h\u00e9roes que a\u00fan viven pasando dif\u00edciles necesidades, sobre todo para cubrir sus gastos de medicamentos y asistencia de profesionales de la salud para poseer un estado saludable ps\u00edquico y f\u00edsico, como as\u00ed tambi\u00e9n a los familiares de los fallecidos, por lo cual Institucionalmente Instamos; tanto al Presidente de la Naci\u00f3n en ejercicio, hasta el mes de diciembre del corriente a\u00f1o, \u201cque separe las cosas, porque por un lado est\u00e1 bien que se los contin\u00fae recordando a aquellos soldados, pero lo que los mismos vienen reclamando desde hace d\u00e9cadas, es un resarcimiento econ\u00f3mico que les permita vivir sus \u00faltimos a\u00f1os con dignidad. De la misma manera, como se ha reconocido que cobraron los familiares de los atacantes de las fuerzas irregulares que fallecieron durante el pretendido copamiento al RIMte 29\u201d. Gialluca se\u00f1al\u00f3 que, lamentablemente este a\u00f1o, por celebrarse este acto antes de las elecciones nacionales, se lo ha politizado, banaliz\u00e1ndolo hasta llegar al punto de que el Presidente Mauricio Macri homenaje\u00f3 en la Plaza de Armas del Regimiento de Infanter\u00eda Patricios en el Barrio Porte\u00f1o de Palermo a Soldados que dieron su vida en defensa de nuestro RIM 29, todo esto dentro de una discusi\u00f3n, -que a nuestras milicias formose\u00f1os y familiares de los ca\u00eddos no les interesa-; pues se hace como una respuesta, a s\u00ed se reivindica o no el desempe\u00f1o de la guerrilla en los a\u00f1os \u201970 en la Argentina. Por todo esto, no podemos dejar pasar el uso pol\u00edtico de este nuevo aniversario, m\u00e1s a\u00fan si nos remitimos a que desde la llegada al poder de Mauricio Macri en diciembre de 2015, no se ha avanzado ni un paso en lo que respecta a la lucha por los Derechos Humanos: as\u00ed tenemos, temas relativos a la Memoria, la Verdad, la Justicia, absurdamente olvidados, el juzgamiento de los cr\u00edmenes de lesa humanidad y la reflexi\u00f3n sobre el genocidio sucedido en Argentina que tambi\u00e9n han sido relegados en la Agenda del actual Gobierno Nacional. M\u00e1s el vaciamiento de pol\u00edticas p\u00fablicas, el retroceso en los procesos judiciales y el negacionismo de los representantes de Cambiemos, marcaron siempre un camino claro en oposici\u00f3n a los avances alcanzados gracias a la lucha y persistencia de los Organismos de Derechos Humanos, familiares y organizaciones. \u201cConmigo se acaban los curros en Derechos Humanos\u201d, fue todo un lema de la actual gesti\u00f3n nacional y desde esta Defensor\u00eda del Pueblo entendemos que, \u201cel pedido de los soldados que defendieron nuestro RIMte 29 y los familiares de los ca\u00eddos, no constituyen ning\u00fan curro\u201d, hoy lo que pedimos Institucionalmente es respeto hacia los citados y continuaremos en la b\u00fasqueda del resarcimiento que les corresponde de ahora en m\u00e1s en el Congreso de la Naci\u00f3n cuando conozcamos el contenido del Decreto al que se comprometi\u00f3 firmar el Presidente de la Naci\u00f3n.<\/p>\n","protected":false},"excerpt":{"rendered":"<p>Por oportunismo electoral, se anunci\u00f3 ayer la firma de un Decreto para hacer prosperar una Iniciativa legislativa que les reconoce un subsidio extraordinario a los familiares de los fallecidos en el copamiento al RIM 29 y nada se dijo sobre los soldados que contin\u00faan con vida a la fecha.<\/p>\n","protected":false},"author":1,"featured_media":9606,"comment_status":"closed","ping_status":"closed","sticky":false,"template":"","format":"standard","meta":{"footnotes":""},"categories":[1],"tags":[],"class_list":["post-9605","post","type-post","status-publish","format-standard","has-post-thumbnail","hentry","category-noticias"],"_links":{"self":[{"href":"https:\/\/defensoriaformosa.gob.ar\/index.php?rest_route=\/wp\/v2\/posts\/9605","targetHints":{"allow":["GET"]}}],"collection":[{"href":"https:\/\/defensoriaformosa.gob.ar\/index.php?rest_route=\/wp\/v2\/posts"}],"about":[{"href":"https:\/\/defensoriaformosa.gob.ar\/index.php?rest_route=\/wp\/v2\/types\/post"}],"author":[{"embeddable":true,"href":"https:\/\/defensoriaformosa.gob.ar\/index.php?rest_route=\/wp\/v2\/users\/1"}],"replies":[{"embeddable":true,"href":"https:\/\/defensoriaformosa.gob.ar\/index.php?rest_route=%2Fwp%2Fv2%2Fcomments&post=9605"}],"version-history":[{"count":1,"href":"https:\/\/defensoriaformosa.gob.ar\/index.php?rest_route=\/wp\/v2\/posts\/9605\/revisions"}],"predecessor-version":[{"id":9607,"href":"https:\/\/defensoriaformosa.gob.ar\/index.php?rest_route=\/wp\/v2\/posts\/9605\/revisions\/9607"}],"wp:featuredmedia":[{"embeddable":true,"href":"https:\/\/defensoriaformosa.gob.ar\/index.php?rest_route=\/wp\/v2\/media\/9606"}],"wp:attachment":[{"href":"https:\/\/defensoriaformosa.gob.ar\/index.php?rest_route=%2Fwp%2Fv2%2Fmedia&parent=9605"}],"wp:term":[{"taxonomy":"category","embeddable":true,"href":"https:\/\/defensoriaformosa.gob.ar\/index.php?rest_route=%2Fwp%2Fv2%2Fcategories&post=9605"},{"taxonomy":"post_tag","embeddable":true,"href":"https:\/\/defensoriaformosa.gob.ar\/index.php?rest_route=%2Fwp%2Fv2%2Ftags&post=9605"}],"curies":[{"name":"wp","href":"https:\/\/api.w.org\/{rel}","templated":true}]}}