{"id":96,"date":"2014-12-29T23:04:13","date_gmt":"2014-12-30T02:04:13","guid":{"rendered":"http:\/\/2015.defensoriaformosa.gob.ar\/?p=96"},"modified":"2014-12-29T23:04:13","modified_gmt":"2014-12-30T02:04:13","slug":"campana-por-el-no-uso-de-la-pirotecnia-2","status":"publish","type":"post","link":"https:\/\/defensoriaformosa.gob.ar\/?p=96","title":{"rendered":"CAMPA\u00d1A POR EL NO USO DE LA PIROTECNIA"},"content":{"rendered":"<p style=\"text-align: justify;\"><strong>La Defensor\u00eda valor\u00f3 la concientizaci\u00f3n de la Comunidad y aposto a que debemos seguir trabajando para erradicar el uso de la pirotecnia y de los globos aerost\u00e1ticos.<\/strong><\/p>\n<p><!--more--><\/p>\n<p style=\"text-align: justify;\">Desde la Defensor\u00eda del Pueblo, se valor\u00f3 el acompa\u00f1amiento y concientizaci\u00f3n que la Comunidad Formose\u00f1a demostr\u00f3 en esta Navidad, y evalu\u00f3 como positiva las acciones y gestiones la labor de las autoridades de la Direcci\u00f3n de Bromatolog\u00eda Municipal, del Cuerpo de Bomberos, de las Asociaciones Protectoras de Animales, del Ministerio de Cultura y Educaci\u00f3n y el Organismo de la Constituci\u00f3n, quienes encaran una campa\u00f1a por el no uso de la pirot\u00e9cnica. Este a\u00f1o, no ha sido noticia el n\u00famero de damnificados por los artefactos pirot\u00e9cnicos ni tuvimos que lamentar la p\u00e9rdida de hogares por incendios causados por los globos chinos o aerost\u00e1ticos cuya venta fue prohibida por la Direcci\u00f3n de Comercio de la Provincia a instancias de este Organismo de la Constituci\u00f3n. Este, dato, es el m\u00e1s veraz indicador de que, mayormente, nuestra comunidad formose\u00f1a, tal y como se sugiriera en la campa\u00f1a realizada, no ha utilizado pirotecnia y de hacerlo, ha extremado los cuidados para ello. Fue fundamental el apoyo brindado desde la cartera de Cultura y Educaci\u00f3n de la Provincia as\u00ed como el de los medios de comunicaci\u00f3n, sin cuyo apoyo hubiera sido muy dif\u00edcil la concreci\u00f3n de la propuesta que se encar\u00f3.<\/p>\n<p style=\"text-align: justify;\">En cuanto a la Fiesta de A\u00f1o Nuevo, debemos reflexionar sobre el peligro en el uso de la pirotecnia ya que en el d\u00eda de la fecha, es un d\u00eda de luto para los argentinos, pues se cumplen diez a\u00f1os de la tragedia ocurrida en el Boliche Porte\u00f1o de Croma\u00f1\u00f3n, que costara la vida a 194 personas. El aberrante suceso, tuvo origen en una bengala, encendida en el interior del local bailable, la cual, desencaden\u00f3 el voraz incendio de las instalaciones, con el consabido desenlace fatal. En Formosa, hacemos ejercicio de memoria colectiva y apuntamos a que lo ocurrido en Croma\u00f1\u00f3n, tantos otros hechos anteriores y posteriores, el m\u00e1s reciente, de magnitud, fue nada menos que el incendio de una f\u00e1brica de calzados tambi\u00e9n en Buenos Aires, ocasionado por un globo aerost\u00e1tico, no vuelvan a pasar, ni en menor escala siquiera, pues con cada persona herida o muerta por la pirotecnia, con cada casa o edificios incendiados, se produce una tragedia social y familiar, las cuales podr\u00edan ser evitadas sin el uso de los artefactos pirot\u00e9cnicos o utiliz\u00e1ndolos con extremo cuidado, a esto precisamente apunta la campa\u00f1a que llevamos adelante, por lo que exhortamos a brindarnos el apoyo necesario , una vez m\u00e1s, para este 31 de Diciembre, teniendo en cuenta tambi\u00e9n que existen personas enfermas, adultos mayores, ni\u00f1os de corta edad, ni\u00f1os autistas, y en donde a todos mas las mascotas, son afectadas gravemente en su estabilidad y equilibrio psicof\u00edsico, con los fuertes ruidos que produce la pirotecnia.<\/p>\n","protected":false},"excerpt":{"rendered":"<p>La Defensor\u00eda valor\u00f3 la concientizaci\u00f3n de la Comunidad y aposto a que debemos seguir trabajando para erradicar el uso de la pirotecnia y de los globos aerost\u00e1ticos.<\/p>\n","protected":false},"author":1,"featured_media":84,"comment_status":"closed","ping_status":"closed","sticky":false,"template":"","format":"standard","meta":{"footnotes":""},"categories":[1],"tags":[],"class_list":["post-96","post","type-post","status-publish","format-standard","has-post-thumbnail","hentry","category-noticias"],"_links":{"self":[{"href":"https:\/\/defensoriaformosa.gob.ar\/index.php?rest_route=\/wp\/v2\/posts\/96","targetHints":{"allow":["GET"]}}],"collection":[{"href":"https:\/\/defensoriaformosa.gob.ar\/index.php?rest_route=\/wp\/v2\/posts"}],"about":[{"href":"https:\/\/defensoriaformosa.gob.ar\/index.php?rest_route=\/wp\/v2\/types\/post"}],"author":[{"embeddable":true,"href":"https:\/\/defensoriaformosa.gob.ar\/index.php?rest_route=\/wp\/v2\/users\/1"}],"replies":[{"embeddable":true,"href":"https:\/\/defensoriaformosa.gob.ar\/index.php?rest_route=%2Fwp%2Fv2%2Fcomments&post=96"}],"version-history":[{"count":1,"href":"https:\/\/defensoriaformosa.gob.ar\/index.php?rest_route=\/wp\/v2\/posts\/96\/revisions"}],"predecessor-version":[{"id":97,"href":"https:\/\/defensoriaformosa.gob.ar\/index.php?rest_route=\/wp\/v2\/posts\/96\/revisions\/97"}],"wp:featuredmedia":[{"embeddable":true,"href":"https:\/\/defensoriaformosa.gob.ar\/index.php?rest_route=\/wp\/v2\/media\/84"}],"wp:attachment":[{"href":"https:\/\/defensoriaformosa.gob.ar\/index.php?rest_route=%2Fwp%2Fv2%2Fmedia&parent=96"}],"wp:term":[{"taxonomy":"category","embeddable":true,"href":"https:\/\/defensoriaformosa.gob.ar\/index.php?rest_route=%2Fwp%2Fv2%2Fcategories&post=96"},{"taxonomy":"post_tag","embeddable":true,"href":"https:\/\/defensoriaformosa.gob.ar\/index.php?rest_route=%2Fwp%2Fv2%2Ftags&post=96"}],"curies":[{"name":"wp","href":"https:\/\/api.w.org\/{rel}","templated":true}]}}