{"id":9598,"date":"2019-10-03T15:11:23","date_gmt":"2019-10-03T18:11:23","guid":{"rendered":"http:\/\/2015.defensoriaformosa.gob.ar\/?p=9598"},"modified":"2019-10-03T15:11:23","modified_gmt":"2019-10-03T18:11:23","slug":"gialluca-senalo-que-macri-se-acuerda-del-ataque-al-rim-29-solamente-porque-esta-en-campana","status":"publish","type":"post","link":"https:\/\/defensoriaformosa.gob.ar\/?p=9598","title":{"rendered":"GIALLUCA SE\u00d1ALO QUE MACRI SE ACUERDA DEL ATAQUE AL RIM 29 SOLAMENTE PORQUE ESTA EN CAMPA\u00d1A"},"content":{"rendered":"<p><strong>AFIRM\u00d3 LA DEFENSOR\u00cdA QUE LA CONMEMORACI\u00d3N DE ESTE 5 DE OCTUBRE DESHONROSAMENTE SE HA POLITIZADO, AHONDANDO A\u00daN M\u00c1S EL OLVIDO HACIA QUIENES DEFENDIERON EL RIMte 29<\/strong><\/p>\n<p><!--more--><\/p>\n<p>Desde la -Direcci\u00f3n de Derechos Humanos- de este Organismo de la Constituci\u00f3n, se notific\u00f3 formalmente al Centro de Veteranos \u201c5 de Octubre\u201d, la respuesta brindada desde el Gobierno Nacional de Mauricio Macri, a trav\u00e9s del Ministerio de Justicia y Derechos Humanos, en relaci\u00f3n al pedido de resarcimientos econ\u00f3micos para los ca\u00eddos, heridos y derechohabientes que participaron como soldados conscriptos en defensa del Regimiento de Infanter\u00eda de Monte 29 de nuestra provincia el 5 de octubre de 1.975; y en la cual el P.E.N. ha dejado bien en claro que este tema no es de su competencia y que para ello se debe esperar que el Congreso de la Naci\u00f3n, sancione alguna iniciativa al respecto. El Defensor del Pueblo Dr. Jos\u00e9 Leonardo Gialluca, se\u00f1al\u00f3 que a 44 a\u00f1os de aquel ataque perpetrado durante un Gobierno Constitucional, organizado por fuerzas irregulares, venimos Institucionalmente observando a\u00f1o tras a\u00f1o homenajes a los h\u00e9roes que a\u00fan viven pasando dif\u00edciles necesidades, sobre todo para cubrir sus gastos de medicamentos y asistencia de profesionales de la salud para poseer un estado saludable ps\u00edquico y f\u00edsico, como as\u00ed tambi\u00e9n a los familiares de los fallecidos, por lo cual Institucionalmente Instamos; tanto al Presidente de la Naci\u00f3n en ejercicio, hasta el mes de diciembre del corriente a\u00f1o, como adem\u00e1s a todos los candidatos a ocupar dicho cargo nacional, \u201cque separen las cosas, porque por un lado est\u00e1 bien que se los contin\u00fae recordando a aquellos soldados, pero lo que los mismos vienen reclamando desde hace d\u00e9cadas, es un resarcimiento econ\u00f3mico que les permita vivir sus \u00faltimos a\u00f1os con dignidad. De la misma manera, como se ha reconocido que cobraron los familiares de los atacantes de las fuerzas irregulares que fallecieron durante el pretendido copamiento al RIMte 29\u201d. Gialluca se\u00f1al\u00f3 que, lamentablemente este a\u00f1o, por celebrarse este acto antes de las elecciones nacionales, se lo ha politizado, banaliz\u00e1ndolo hasta llegar al punto de que el Presidente Mauricio Macri homenajear\u00e1 a Oficiales y Conscriptos en el Regimiento de Patricios en Palermo, todo esto dentro de una discusi\u00f3n, -que a nuestros soldados formose\u00f1os y familiares de los ca\u00eddos no les interesa-; pues se hace como una respuesta a s\u00ed se reivindica o no el desempe\u00f1o de la guerrilla en los a\u00f1os \u201970 en la Argentina. Por ello consideramos, que est\u00e1 totalmente alejado de lo que se considera reconocer Derechos Humanos Esenciales, el tratar de sacar alguna ventaja pol\u00edtica con este fat\u00eddico hecho que muy pocos conocen a 44 a\u00f1os de haberse producido, siendo que las peticiones de los formose\u00f1os es que estos soldados y sus familiares obtengan las indemnizaciones y beneficios econ\u00f3micos que les corresponden, porque as\u00ed como los familiares de al menos 9 guerrilleros habr\u00edan cobrado unos $60,3 millones y figuran reconocidos por el Estado en el Parque de la Memoria, donde se conmemoran a las v\u00edctimas de la Dictadura Militar y por otro lado, tambi\u00e9n existe una denuncia penal por el uso fraudulento de la Ley de Reparaci\u00f3n N\u00ba 24.411 que contempla el pago de indemnizaciones por desapariciones forzadas o fallecimientos provocadas por el terrorismo de Estado, al igual que a los exiliados y herederos de las v\u00edctimas, \u201cque ser\u00e1 una cuesti\u00f3n que deber\u00e1 dilucidar la Justicia oportunamente, pero no podemos permitir, que el originario pedido de reparaci\u00f3n de los que defendieron y dieron su vida en el RIMte 29, sean en la actualidad en este nuevo aniversario, utilizados pol\u00edticamente y lo que es m\u00e1s grave, es que van a\u00f1o a a\u00f1o falleciendo sin poder recibir lo que los mismos pretenden con absoluto derecho, y que el actual P.E.N. a trav\u00e9s del Secretario de Derechos Humanos y Pluralismo Avruj, no hayan tenido la voluntad pol\u00edtica de llevar esta situaci\u00f3n al Congreso de la Naci\u00f3n para la aprobaci\u00f3n de alg\u00fan Proyecto que los favorezca. Se record\u00f3 adem\u00e1s que ya le hemos pedido al actual Presidente que firme un Decreto para reconocer econ\u00f3micamente a estos ciudadanos, y si lo hace celebraremos el logro para estos gloriosos formose\u00f1os, muy a pesar de que, desde la llegada al poder del mismo en diciembre de 2015, no se ha avanzado ni un paso en lo que respecta a la lucha por los Derechos Humanos: temas relativos a la Memoria, la Verdad, la Justicia, el juzgamiento de los cr\u00edmenes de lesa humanidad y la reflexi\u00f3n sobre el genocidio sucedido en Argentina han sido relegados en la agenda del gobierno nacional. El vaciamiento de pol\u00edticas p\u00fablicas, el retroceso en los procesos judiciales y el negacionismo de los representantes de Cambiemos, marcan un camino claro en oposici\u00f3n a los avances alcanzados gracias a la lucha y persistencia de los Organismos de Derechos Humanos, familiares y organizaciones. \u201cConmigo se acaban los curros en Derechos Humanos\u201d, fue todo un lema de la actual gesti\u00f3n nacional y desde esta Defensor\u00eda del Pueblo entendemos que, \u201cel pedido de los soldados que defendieron nuestro RIMte 29 y los familiares de los ca\u00eddos, no constituyen ning\u00fan curro\u201d, hoy lo que pedimos Institucionalmente es respeto hacia los citados y continuaremos en la b\u00fasqueda del resarcimiento que les corresponde.<\/p>\n","protected":false},"excerpt":{"rendered":"<p>AFIRM\u00d3 LA DEFENSOR\u00cdA QUE LA CONMEMORACI\u00d3N DE ESTE 5 DE OCTUBRE DESHONROSAMENTE SE HA POLITIZADO, AHONDANDO A\u00daN M\u00c1S EL OLVIDO HACIA QUIENES DEFENDIERON EL RIMte 29<\/p>\n","protected":false},"author":1,"featured_media":9599,"comment_status":"closed","ping_status":"closed","sticky":false,"template":"","format":"standard","meta":{"footnotes":""},"categories":[4],"tags":[],"class_list":["post-9598","post","type-post","status-publish","format-standard","has-post-thumbnail","hentry","category-ddhh"],"_links":{"self":[{"href":"https:\/\/defensoriaformosa.gob.ar\/index.php?rest_route=\/wp\/v2\/posts\/9598","targetHints":{"allow":["GET"]}}],"collection":[{"href":"https:\/\/defensoriaformosa.gob.ar\/index.php?rest_route=\/wp\/v2\/posts"}],"about":[{"href":"https:\/\/defensoriaformosa.gob.ar\/index.php?rest_route=\/wp\/v2\/types\/post"}],"author":[{"embeddable":true,"href":"https:\/\/defensoriaformosa.gob.ar\/index.php?rest_route=\/wp\/v2\/users\/1"}],"replies":[{"embeddable":true,"href":"https:\/\/defensoriaformosa.gob.ar\/index.php?rest_route=%2Fwp%2Fv2%2Fcomments&post=9598"}],"version-history":[{"count":1,"href":"https:\/\/defensoriaformosa.gob.ar\/index.php?rest_route=\/wp\/v2\/posts\/9598\/revisions"}],"predecessor-version":[{"id":9600,"href":"https:\/\/defensoriaformosa.gob.ar\/index.php?rest_route=\/wp\/v2\/posts\/9598\/revisions\/9600"}],"wp:featuredmedia":[{"embeddable":true,"href":"https:\/\/defensoriaformosa.gob.ar\/index.php?rest_route=\/wp\/v2\/media\/9599"}],"wp:attachment":[{"href":"https:\/\/defensoriaformosa.gob.ar\/index.php?rest_route=%2Fwp%2Fv2%2Fmedia&parent=9598"}],"wp:term":[{"taxonomy":"category","embeddable":true,"href":"https:\/\/defensoriaformosa.gob.ar\/index.php?rest_route=%2Fwp%2Fv2%2Fcategories&post=9598"},{"taxonomy":"post_tag","embeddable":true,"href":"https:\/\/defensoriaformosa.gob.ar\/index.php?rest_route=%2Fwp%2Fv2%2Ftags&post=9598"}],"curies":[{"name":"wp","href":"https:\/\/api.w.org\/{rel}","templated":true}]}}