{"id":9592,"date":"2019-10-01T17:11:52","date_gmt":"2019-10-01T20:11:52","guid":{"rendered":"http:\/\/2015.defensoriaformosa.gob.ar\/?p=9592"},"modified":"2019-10-01T17:11:52","modified_gmt":"2019-10-01T20:11:52","slug":"denuncio-la-defensoria-del-pueblo-que-los-alimentos-sin-iva-tuvieron-los-aumentos-mas-elevados-en-el-mes-de-septiembre","status":"publish","type":"post","link":"https:\/\/defensoriaformosa.gob.ar\/?p=9592","title":{"rendered":"DENUNCIO LA DEFENSORIA DEL PUEBLO QUE LOS ALIMENTOS SIN IVA TUVIERON LOS AUMENTOS MAS ELEVADOS EN EL MES DE SEPTIEMBRE"},"content":{"rendered":"<p><strong>Afirmaron desde la Defensor\u00eda del Pueblo que los productos alimenticios que m\u00e1s aumentaron son los que estaban alcanzados por la medida del Gobierno Nacional al decidir la quita del IVA en los m\u00e1s de 2 mil productos de la Canasta B\u00e1sica. <\/strong><\/p>\n<p><!--more--><\/p>\n<p>Todos esos bienes hoy est\u00e1n m\u00e1s caros que antes de la primera semana de agosto y as\u00ed podemos mencionar a la leche, al az\u00facar, a la yerba mate, al aceite y ni que hablar de aquellos que se denominan productos premium, donde nos encontramos que el aceite de oliva y el at\u00fan por mencionar algunos alcanzaron valores r\u00e9cord: el primero cuesta aproximadamente $567, un 25% m\u00e1s que en agosto y el segundo $250, 20% m\u00e1s que 1 mes atr\u00e1s. El Ombudsman Provincial Dr. Jos\u00e9 Leonardo Gialluca, denunci\u00f3 que en septiembre todas las empresas alimenticias y los supermercados se desquitaron de las medidas del Gobierno Nacional que los hab\u00eda forzado a eliminar el IVA, acci\u00f3n esta que como defensores de los consumidores celebramos oportunamente, pero que fue tan mal implementada que nunca lleg\u00f3 como un beneficio directo al bolsillo de la gente, en m\u00e1s los alimentos, higiene personal y limpieza, todos los art\u00edculos alcanzados por la disminuci\u00f3n del IVA son los que m\u00e1s subieron en los \u00faltimos tiempos. Con lo cual el aumento de precios actual est\u00e1 muy por encima de la inflaci\u00f3n estimada del 5,5% para el mes de septiembre y adem\u00e1s el Gobierno Nacional deber\u00e1 ahora conforme lo ordenado por la CSJN no afectar la coparticipaci\u00f3n de las provincias como Formosa que interpusieron en tiempo y forma acciones judiciales para proteger los fondos coparticipables que fueron afectados por las medidas anticrisis del Presidente de la Naci\u00f3n Mauricio Macri, y que no funcionaron porque fueron simples anuncios electoralistas, como lo es ahora el anuncio de reducci\u00f3n a cero de los aportes patronales para las pymes, algo similar a la pobreza cero y entonces debe entenderse que si el Estado Nacional no interviene o no controla el mercado, este \u00faltimo fija los precios irracionales que tienen actualmente los alimentos y medicamentos y nunca las grandes empresas monop\u00f3licas estar\u00e1n a favor de nadie, ya que estas \u00fanicamente persiguen mayores ganancias y eso lo podemos ver diariamente hasta en nuestro propio mercado local, que si bien es altamente concentrado y donde no existe una fuerte competencia, los precios en g\u00f3ndolas se encuentran hoy con aumentos que no tienen ninguna razonabilidad ni justificaci\u00f3n.<\/p>\n","protected":false},"excerpt":{"rendered":"<p>Afirmaron desde la Defensor\u00eda del Pueblo que los productos alimenticios que m\u00e1s aumentaron son los que estaban alcanzados por la medida del Gobierno Nacional al decidir la quita del IVA en los m\u00e1s de 2 mil productos de la Canasta B\u00e1sica.<\/p>\n","protected":false},"author":1,"featured_media":9593,"comment_status":"closed","ping_status":"closed","sticky":false,"template":"","format":"standard","meta":{"footnotes":""},"categories":[1],"tags":[],"class_list":["post-9592","post","type-post","status-publish","format-standard","has-post-thumbnail","hentry","category-noticias"],"_links":{"self":[{"href":"https:\/\/defensoriaformosa.gob.ar\/index.php?rest_route=\/wp\/v2\/posts\/9592","targetHints":{"allow":["GET"]}}],"collection":[{"href":"https:\/\/defensoriaformosa.gob.ar\/index.php?rest_route=\/wp\/v2\/posts"}],"about":[{"href":"https:\/\/defensoriaformosa.gob.ar\/index.php?rest_route=\/wp\/v2\/types\/post"}],"author":[{"embeddable":true,"href":"https:\/\/defensoriaformosa.gob.ar\/index.php?rest_route=\/wp\/v2\/users\/1"}],"replies":[{"embeddable":true,"href":"https:\/\/defensoriaformosa.gob.ar\/index.php?rest_route=%2Fwp%2Fv2%2Fcomments&post=9592"}],"version-history":[{"count":1,"href":"https:\/\/defensoriaformosa.gob.ar\/index.php?rest_route=\/wp\/v2\/posts\/9592\/revisions"}],"predecessor-version":[{"id":9594,"href":"https:\/\/defensoriaformosa.gob.ar\/index.php?rest_route=\/wp\/v2\/posts\/9592\/revisions\/9594"}],"wp:featuredmedia":[{"embeddable":true,"href":"https:\/\/defensoriaformosa.gob.ar\/index.php?rest_route=\/wp\/v2\/media\/9593"}],"wp:attachment":[{"href":"https:\/\/defensoriaformosa.gob.ar\/index.php?rest_route=%2Fwp%2Fv2%2Fmedia&parent=9592"}],"wp:term":[{"taxonomy":"category","embeddable":true,"href":"https:\/\/defensoriaformosa.gob.ar\/index.php?rest_route=%2Fwp%2Fv2%2Fcategories&post=9592"},{"taxonomy":"post_tag","embeddable":true,"href":"https:\/\/defensoriaformosa.gob.ar\/index.php?rest_route=%2Fwp%2Fv2%2Ftags&post=9592"}],"curies":[{"name":"wp","href":"https:\/\/api.w.org\/{rel}","templated":true}]}}