{"id":9589,"date":"2019-10-01T17:09:16","date_gmt":"2019-10-01T20:09:16","guid":{"rendered":"http:\/\/2015.defensoriaformosa.gob.ar\/?p=9589"},"modified":"2019-10-01T17:09:16","modified_gmt":"2019-10-01T20:09:16","slug":"solicito-la-defensoria-al-gobierno-nacional-que-cumpla-con-el-envio-de-las-mercaderias-necesarias-para-que-funcionen-los-merenderos","status":"publish","type":"post","link":"https:\/\/defensoriaformosa.gob.ar\/?p=9589","title":{"rendered":"SOLICITO LA DEFENSORIA AL GOBIERNO NACIONAL QUE CUMPLA CON EL ENVIO DE LAS MERCADERIAS NECESARIAS PARA QUE FUNCIONEN LOS MERENDEROS"},"content":{"rendered":"<p><strong>-Se reunieron Referentes Provinciales del Movimiento \u201cBarrios de Pie\u201d en la Sede de la Defensor\u00eda del Pueblo a fin de coordinar acciones y gestiones para mantener los actuales merenderos y rehabilitar los suspendidos ya que denunciaron que 44% de nuestras ni\u00f1as\/os no est\u00e1n bien alimentados en todo el Pa\u00eds, siendo que la pobreza ha saltado a un 35,4% en el primer semestre de este a\u00f1o y con ello se est\u00e1 afectando a 16 millones de personas-<\/strong><\/p>\n<p><!--more--><br \/>\nLas Referentes Provinciales de Barrios de Pie de nuestra Provincia Galeano Beatriz, Soto Alejandra, Delgado Martinez, se reunieron con el Ombudsman Provincial Dr. Jos\u00e9 Leonardo Gialluca, junto a otros integrantes del Organismo de la Constituci\u00f3n, oportunidad en la que recepcionaron las demandas sociales urgentes con las que se encuentra el Movimiento -Barrios de Pie- que desarrollan sus actividades en nuestra capital e interior provincial y donde, \u201cpor el no env\u00edo de mercader\u00edas -alimentos desde el Gobierno Nacional, m\u00e1s precisamente desde el Ministerio de Salud y Desarrollo Social a cargo de Carolina Stanley, solo han quedado de los 18 merenderos que ten\u00edan algunos pocos y lo peor es que de las mercader\u00edas que se les env\u00eda, no reciben leche, az\u00facar, yerba, arroz; pero s\u00ed latas de picadillo, dulce de membrillo y algunos otros elementos que son bienvenidos, pero que no suplen a los primeros que siempre se destinaron para la alimentaci\u00f3n esencial de los ni\u00f1os, mujeres embarazadas, desocupados y adultos mayores entre otros\u201d. La Coordinadora Beatriz Galeano, se\u00f1al\u00f3 que desde el Gobierno Nacional se estar\u00eda reteniendo las partidas alimentarias para Formosa sin motivo fundado alguno y por ello, muchos merenderos han cerrado y otros est\u00e1n dando alguna ayuda alimentaria parcial porque no les alcanzan las mercader\u00edas que les mandan. El Defensor del Pueblo, se comprometi\u00f3 a formalizar las Instancias necesarias para que se les haga llegar la asistencia alimentaria que realmente necesitan, m\u00e1s a\u00fan cuando se ha dado a conocer que m\u00e1s del 35,4% de nuestra poblaci\u00f3n es pobre, en tanto el nivel de indigencia aument\u00f3 a 7,7% desde el 4,9% de finales del a\u00f1o 2017 y as\u00ed nos encontramos con que las ciudades que tienen mayor nivel de pobreza en argentina son: Concordia con 52,9%, Resistencia con 46,9%, Santiago del Estero con 54,8%, Salta y Corrientes con 41%, Tucum\u00e1n, Formosa y Catamarca con 40%, Gran Buenos Aires y Posadas con 39,8% seg\u00fan el INDEC. Estos \u00edndices de pobreza que publica el INDEC con estos porcentajes, son similares a los registrados en el a\u00f1o 2001 previo a la mayor crisis, econ\u00f3mica, social, pol\u00edtica e institucional sufrida por la Argentina en su historia. Gialluca denunci\u00f3 que este nivel de pobreza del 35,4% es realmente vergonzante y la causa \u00fanica de la misma son las pol\u00edticas liberales sumadas a la ausencia del Estado Nacional implementadas por el Presidente Mauricio Macri, siendo que el mismo, \u201chab\u00eda prometido pobreza cero\u201d y hoy tenemos uno de los niveles de pobreza m\u00e1s alto de nuestra historia y lo que es peor que desde el Gobierno Nacional se quiere desconocer la misma al punto que el candidato a vicepresidente Miguel Angel Pichetto afirm\u00f3 que a la pobreza, \u201cla democracia no le dio respuesta, pero tampoco la dictadura\u201d, lo que habla las claras de lo extraviado y desconcertado que se encuentra este Gobierno Nacional, pues esta responsabilidad es exclusivamente de la actual coalici\u00f3n de Gobierno que no sabe y no conoce la pobreza, la indigencia, la falta de alimentos y medicamentos, pues solamente gobiernan para los empresarios y cumpliendo \u00f3rdenes del FMI.<\/p>\n","protected":false},"excerpt":{"rendered":"<p>-Se reunieron Referentes Provinciales del Movimiento \u201cBarrios de Pie\u201d en la Sede de la Defensor\u00eda del Pueblo a fin de coordinar acciones y gestiones para mantener los actuales merenderos y rehabilitar los suspendidos ya que denunciaron que 44% de nuestras ni\u00f1as\/os no est\u00e1n bien alimentados en todo el Pa\u00eds, siendo que la pobreza ha saltado [&hellip;]<\/p>\n","protected":false},"author":1,"featured_media":9590,"comment_status":"closed","ping_status":"closed","sticky":false,"template":"","format":"standard","meta":{"footnotes":""},"categories":[1],"tags":[],"class_list":["post-9589","post","type-post","status-publish","format-standard","has-post-thumbnail","hentry","category-noticias"],"_links":{"self":[{"href":"https:\/\/defensoriaformosa.gob.ar\/index.php?rest_route=\/wp\/v2\/posts\/9589","targetHints":{"allow":["GET"]}}],"collection":[{"href":"https:\/\/defensoriaformosa.gob.ar\/index.php?rest_route=\/wp\/v2\/posts"}],"about":[{"href":"https:\/\/defensoriaformosa.gob.ar\/index.php?rest_route=\/wp\/v2\/types\/post"}],"author":[{"embeddable":true,"href":"https:\/\/defensoriaformosa.gob.ar\/index.php?rest_route=\/wp\/v2\/users\/1"}],"replies":[{"embeddable":true,"href":"https:\/\/defensoriaformosa.gob.ar\/index.php?rest_route=%2Fwp%2Fv2%2Fcomments&post=9589"}],"version-history":[{"count":1,"href":"https:\/\/defensoriaformosa.gob.ar\/index.php?rest_route=\/wp\/v2\/posts\/9589\/revisions"}],"predecessor-version":[{"id":9591,"href":"https:\/\/defensoriaformosa.gob.ar\/index.php?rest_route=\/wp\/v2\/posts\/9589\/revisions\/9591"}],"wp:featuredmedia":[{"embeddable":true,"href":"https:\/\/defensoriaformosa.gob.ar\/index.php?rest_route=\/wp\/v2\/media\/9590"}],"wp:attachment":[{"href":"https:\/\/defensoriaformosa.gob.ar\/index.php?rest_route=%2Fwp%2Fv2%2Fmedia&parent=9589"}],"wp:term":[{"taxonomy":"category","embeddable":true,"href":"https:\/\/defensoriaformosa.gob.ar\/index.php?rest_route=%2Fwp%2Fv2%2Fcategories&post=9589"},{"taxonomy":"post_tag","embeddable":true,"href":"https:\/\/defensoriaformosa.gob.ar\/index.php?rest_route=%2Fwp%2Fv2%2Ftags&post=9589"}],"curies":[{"name":"wp","href":"https:\/\/api.w.org\/{rel}","templated":true}]}}