{"id":9565,"date":"2019-09-25T18:38:43","date_gmt":"2019-09-25T21:38:43","guid":{"rendered":"http:\/\/2015.defensoriaformosa.gob.ar\/?p=9565"},"modified":"2019-09-25T18:38:43","modified_gmt":"2019-09-25T21:38:43","slug":"audiencia-en-el-juzgado-federal-por-ultimo-corte-de-ruta-en-nanqom","status":"publish","type":"post","link":"https:\/\/defensoriaformosa.gob.ar\/?p=9565","title":{"rendered":"AUDIENCIA EN EL JUZGADO FEDERAL POR ULTIMO CORTE DE RUTA EN NANQOM"},"content":{"rendered":"<p><strong>El Juez Federal de Formosa solicit\u00f3 a abor\u00edgenes que traten de manifestarse sin infringir la ley.<\/strong><\/p>\n<p><!--more--><br \/>\nEl d\u00eda de ayer, se llev\u00f3 a cabo la \u201cAudiencia Multiprop\u00f3sito\u201d convocada por el Juez Federal Subrogante de Formosa, Dr. Fernando Carbajal, a la que fueron citados los ciudadanos Poli Mendoza, Adan Pellegrini y Celso Largo, como responsables del corte de la Ruta Nacional N\u00ba 11, a la altura del B\u00ba Nanqom de esta capital, durante las jornadas del viernes 20 de septiembre pasado, por la noche, s\u00e1bado 21, domingo 23 y lunes 24 y martes 25 medio d\u00eda. Como patrocinante de los sindicados se present\u00f3 la Dra. Mar\u00eda Victoria Saldivar y por parte de la Defensor\u00eda del Pueblo, estuvieron presentes el Secretario Letrado, Jos\u00e9 Porfirio Garc\u00eda y el Asesor Legal Fernando Sosa Notario. Dando inicio al acto el Fiscal Federal N\u00ba 2 Luis Benitez, expuso a los manifestantes que el hecho en que incurrieron constituye un delito y que podr\u00eda dejarse en suspenso la tramitaci\u00f3n de proceso penal en contra de los mismos, si desisten de la actitud de interrumpir el tr\u00e1nsito por la Ruta Nacional N\u00ba 11, conculcando derechos de todos los ciudadanos, como los de transitar libremente, el de trabajar, ejercer industria l\u00edcita, ense\u00f1ar, aprender, comerciar etc. etc. y que son de similar importancia a los que aluden los citados como justificaci\u00f3n para realizar los cortes de rutas. Por otra parte, el Fiscal, solicit\u00f3 a los abor\u00edgenes presentes que si ten\u00edan que hacer pedidos concretos para las autoridades aprovecharan la ocasi\u00f3n y lo hicieran. Pero les pidi\u00f3 que sea algo m\u00e1s serio que bolsas de mercader\u00edas para asistir al grupo de los reclamantes, en particular, en una elecci\u00f3n que ya se hab\u00eda realizado. El Juez Federal, a su turno, expres\u00f3 que est\u00e1 para garantizar los derechos a peticionar y manifestarse de los citados, pero as\u00ed tambi\u00e9n que es preciso que dichas potestades sean ejercidas sin vulnerar derechos de terceras personas totalmente ajenos al conflicto existente. Recomendando a los citados que, en lo sucesivo, formulen sus peticiones sin infringir la ley.<br \/>\nDesde el Organismo de la Constituci\u00f3n, el Defensor del Pueblo de la Provincia, Jos\u00e9 Leonardo Gialluca, expuso que el concepto de comunidad es m\u00e1s amplio que el que com\u00fanmente tienen los manifestantes y abarca todos los derechos de los que vivimos en la Comunidad Nacional en general y en particular Formose\u00f1a. Siendo dable destacar que toda vez que desee peticionarse a las autoridades, cualquiera puede hacerlo directamente o indirectamente a las mismas o manifestarse, sin necesidad de afectar las potestades de otros miembros de nuestra sociedad quienes gozan de iguales garant\u00edas. Convini\u00e9ndose finalmente que los manifestantes no proseguir\u00edan con la modalidad de cortar la ruta y que se comunicar\u00eda la petici\u00f3n de mercader\u00edas y colchones al Director del Instituto de Comunidades Abor\u00edgenes (ICA) Dn. Esteban Ram\u00edrez, para que por intermedio de esa \u00e1rea del Estado Provincial se canalice el pedido correspondiente, siendo la Defensor\u00eda del Pueblo de la Provincia la que medie en la cuesti\u00f3n.-<\/p>\n","protected":false},"excerpt":{"rendered":"<p>El Juez Federal de Formosa solicit\u00f3 a abor\u00edgenes que traten de manifestarse sin infringir la ley.<\/p>\n","protected":false},"author":1,"featured_media":9566,"comment_status":"closed","ping_status":"closed","sticky":false,"template":"","format":"standard","meta":{"footnotes":""},"categories":[4,1,7,3],"tags":[],"class_list":["post-9565","post","type-post","status-publish","format-standard","has-post-thumbnail","hentry","category-ddhh","category-noticias","category-seguridad-vial","category-defensa-de-los-derechos-del-usuario-consumidor-contribuyentes"],"_links":{"self":[{"href":"https:\/\/defensoriaformosa.gob.ar\/index.php?rest_route=\/wp\/v2\/posts\/9565","targetHints":{"allow":["GET"]}}],"collection":[{"href":"https:\/\/defensoriaformosa.gob.ar\/index.php?rest_route=\/wp\/v2\/posts"}],"about":[{"href":"https:\/\/defensoriaformosa.gob.ar\/index.php?rest_route=\/wp\/v2\/types\/post"}],"author":[{"embeddable":true,"href":"https:\/\/defensoriaformosa.gob.ar\/index.php?rest_route=\/wp\/v2\/users\/1"}],"replies":[{"embeddable":true,"href":"https:\/\/defensoriaformosa.gob.ar\/index.php?rest_route=%2Fwp%2Fv2%2Fcomments&post=9565"}],"version-history":[{"count":1,"href":"https:\/\/defensoriaformosa.gob.ar\/index.php?rest_route=\/wp\/v2\/posts\/9565\/revisions"}],"predecessor-version":[{"id":9567,"href":"https:\/\/defensoriaformosa.gob.ar\/index.php?rest_route=\/wp\/v2\/posts\/9565\/revisions\/9567"}],"wp:featuredmedia":[{"embeddable":true,"href":"https:\/\/defensoriaformosa.gob.ar\/index.php?rest_route=\/wp\/v2\/media\/9566"}],"wp:attachment":[{"href":"https:\/\/defensoriaformosa.gob.ar\/index.php?rest_route=%2Fwp%2Fv2%2Fmedia&parent=9565"}],"wp:term":[{"taxonomy":"category","embeddable":true,"href":"https:\/\/defensoriaformosa.gob.ar\/index.php?rest_route=%2Fwp%2Fv2%2Fcategories&post=9565"},{"taxonomy":"post_tag","embeddable":true,"href":"https:\/\/defensoriaformosa.gob.ar\/index.php?rest_route=%2Fwp%2Fv2%2Ftags&post=9565"}],"curies":[{"name":"wp","href":"https:\/\/api.w.org\/{rel}","templated":true}]}}