{"id":89,"date":"2014-12-28T23:38:51","date_gmt":"2014-12-29T02:38:51","guid":{"rendered":"http:\/\/2015.defensoriaformosa.gob.ar\/?p=89"},"modified":"2014-12-28T23:38:51","modified_gmt":"2014-12-29T02:38:51","slug":"fiestas-privadas-o-semipublicas-no-autorizadas","status":"publish","type":"post","link":"https:\/\/defensoriaformosa.gob.ar\/?p=89","title":{"rendered":"FIESTAS PRIVADAS O SEMIPUBLICAS NO AUTORIZADAS"},"content":{"rendered":"<p style=\"text-align: justify;\"><em><strong>Se efectuaron procedimientos en Navidad y tampoco se permitir\u00e1 su realizaci\u00f3n en A\u00f1o Nuevo<\/strong><\/em><\/p>\n<p style=\"text-align: justify;\"><strong>La Defensor\u00eda del Pueblo de la Provincia, inform\u00f3 que asisti\u00f3 en los procedimientos realizados, conjuntamente por la Direcci\u00f3n de Bromatolog\u00eda Municipal y la Polic\u00eda de la Provincia, en varios inmuebles ubicados en esta capital, en los cuales se pretend\u00edan llevar a cabo megafiestas privadas y p\u00fablicas \u201csin contar con la debida autorizaci\u00f3n al efecto\u201d, los casos m\u00e1s rezonantes se sucedieron en el B\u00ba Villa del Carmen, donde se alquil\u00f3 una quinta que se abrir\u00eda al p\u00fablico y en la cual se esperaba contar con la presencia de miles de personas, pues el evento fue incluso publicitado.<\/strong><\/p>\n<p style=\"text-align: justify;\"><!--more--><\/p>\n<p style=\"text-align: justify;\">Al realizar la verificaci\u00f3n correspondientes, las autoridades, adem\u00e1s, de la falta del permiso debido, detectaron las m\u00e1s extremas condiciones de inseguridad del local, acompa\u00f1adas de una total falta de infraestructura para albergar la concurrencia que, supuestamente, se esperaba, motivo por el cual, preventivamente, se procedi\u00f3 a la \u201cclausura del lugar\u201d para los fines pretendidos y la disposici\u00f3n de personal que efectuara la vigilancia correspondiente para hacer efectiva la medida. Otros dos casos, dignos de mencionar, fueron los de la calle Fontana al 400, en el cual se previ\u00f3 una importante fiesta semip\u00fablica, pero que no contaba ni con autorizaci\u00f3n ni con la estructura que exigen las leyes y reglamentos para garantizar la seguridad e higiene de los concurrentes, en este caso, los organizadores fueron disuadidos de llevar a cabo el evento, a lo cual accedieron. Finalmente, una vez m\u00e1s, la casa de la calle Pati\u00f1o al 1.400, propiedad de un Sr. de apellido Leiva, nuevamente, fue objeto de reclamo de los vecinos por los altos decibeles con que se escuchaba la m\u00fasica en la fiesta privada organizada en el lugar. El propietario, hizo caso omiso los pedidos de sus vecinos y de las autoridades por ellos convocados, motivo por el cual, se labraron las actas correspondientes y, desde la Defensor\u00eda del Pueblo, a m\u00e1s de estarse trabajando para que el Concejo Deliberante Capitalino, disponga las herramientas legales necesarias para que las autoridades comunales puedan poner fin a este tipo de inconductas, elevar\u00e1 la solicitud al Tribunal de Faltas Municipal, para que se apliquen el m\u00e1ximo de las sanciones previstas, dada la reincidencia del nombrado y la falta de comprensi\u00f3n del mismo en el sentido de que puede hacer uso de su propiedad privada, pero no abusar de la misma perturbando la paz social que, como propietario debe asegurar a sus vecinos, de la misma manera que \u00e9l, seguramente lo exige. Sobre este particular, el Defensor del Pueblo, Jos\u00e9 Leonardo Gialluca, crey\u00f3 digno el destacar la responsabilidad y el compromiso del personal de los organismos competentes que, el 24 y 25 de Diciembre trabajaron a destajo para llevar adelante los procedimientos de referencia y adelant\u00f3 que el 31 de Diciembre pr\u00f3ximo y el 1\u00ba de Enero, de la misma manera, se ser\u00e1 inflexible con quienes, con \u00e1nimos de lucro ponen en riesgo la salubridad, seguridad e integridad f\u00edsicas de las personas.-\u201d<\/p>\n<p style=\"text-align: center;\">\n","protected":false},"excerpt":{"rendered":"<p>Se efectuaron procedimientos en Navidad y tampoco se permitir\u00e1 su realizaci\u00f3n en A\u00f1o Nuevo La Defensor\u00eda del Pueblo de la Provincia, inform\u00f3 que asisti\u00f3 en los procedimientos realizados, conjuntamente por la Direcci\u00f3n de Bromatolog\u00eda Municipal y la Polic\u00eda de la Provincia, en varios inmuebles ubicados en esta capital, en los cuales se pretend\u00edan llevar a [&hellip;]<\/p>\n","protected":false},"author":1,"featured_media":91,"comment_status":"closed","ping_status":"closed","sticky":false,"template":"","format":"standard","meta":{"footnotes":""},"categories":[1],"tags":[],"class_list":["post-89","post","type-post","status-publish","format-standard","has-post-thumbnail","hentry","category-noticias"],"_links":{"self":[{"href":"https:\/\/defensoriaformosa.gob.ar\/index.php?rest_route=\/wp\/v2\/posts\/89","targetHints":{"allow":["GET"]}}],"collection":[{"href":"https:\/\/defensoriaformosa.gob.ar\/index.php?rest_route=\/wp\/v2\/posts"}],"about":[{"href":"https:\/\/defensoriaformosa.gob.ar\/index.php?rest_route=\/wp\/v2\/types\/post"}],"author":[{"embeddable":true,"href":"https:\/\/defensoriaformosa.gob.ar\/index.php?rest_route=\/wp\/v2\/users\/1"}],"replies":[{"embeddable":true,"href":"https:\/\/defensoriaformosa.gob.ar\/index.php?rest_route=%2Fwp%2Fv2%2Fcomments&post=89"}],"version-history":[{"count":1,"href":"https:\/\/defensoriaformosa.gob.ar\/index.php?rest_route=\/wp\/v2\/posts\/89\/revisions"}],"predecessor-version":[{"id":92,"href":"https:\/\/defensoriaformosa.gob.ar\/index.php?rest_route=\/wp\/v2\/posts\/89\/revisions\/92"}],"wp:featuredmedia":[{"embeddable":true,"href":"https:\/\/defensoriaformosa.gob.ar\/index.php?rest_route=\/wp\/v2\/media\/91"}],"wp:attachment":[{"href":"https:\/\/defensoriaformosa.gob.ar\/index.php?rest_route=%2Fwp%2Fv2%2Fmedia&parent=89"}],"wp:term":[{"taxonomy":"category","embeddable":true,"href":"https:\/\/defensoriaformosa.gob.ar\/index.php?rest_route=%2Fwp%2Fv2%2Fcategories&post=89"},{"taxonomy":"post_tag","embeddable":true,"href":"https:\/\/defensoriaformosa.gob.ar\/index.php?rest_route=%2Fwp%2Fv2%2Ftags&post=89"}],"curies":[{"name":"wp","href":"https:\/\/api.w.org\/{rel}","templated":true}]}}