{"id":8176,"date":"2018-12-29T22:44:02","date_gmt":"2018-12-30T01:44:02","guid":{"rendered":"http:\/\/2015.defensoriaformosa.gob.ar\/?p=8176"},"modified":"2018-12-29T22:44:02","modified_gmt":"2018-12-30T01:44:02","slug":"afirmo-la-defensoria-del-pueblo-que-los-nuevos-aumentos-de-energia-autorizados-por-el-gobierno-nacional-son-irrazonables-desproporcionados-y-confiscatorios","status":"publish","type":"post","link":"https:\/\/defensoriaformosa.gob.ar\/?p=8176","title":{"rendered":"AFIRMO LA DEFENSORIA DEL PUEBLO QUE LOS NUEVOS AUMENTOS DE ENERGIA AUTORIZADOS POR EL GOBIERNO NACIONAL SON IRRAZONABLES, DESPROPORCIONADOS Y CONFISCATORIOS"},"content":{"rendered":"<p><strong>Esto es, de $10.000 que costaba el MW\/mes, pasa a valer $80.000 en febrero\/19, aumenta a $100.000 en mayo\/19 y alcanza $120.000 a partir de agosto\/2019<\/strong><\/p>\n<p><!--more--><\/p>\n<p>Antes de renunciar a la Secretaria de Energ\u00eda de Naci\u00f3n Javier Iguacel firm\u00f3 la Resoluci\u00f3n N\u00ba 366\/18 la cual ya fue notificada a todas las Distribuidoras, entre ellas REFSA, quedando en su remplazo Gustavo Lopetegui quien va a depender directamente del Ministro de Hacienda Nicolas Dujovne; y contra dicho Instrumento la Defensor\u00eda del Pueblo interpondr\u00e1 los recursos y remedios administrativos necesarios para luego promover de no modificarse esta situaci\u00f3n por el Gobierno Nacional un Amparo Judicial, habiendo coordinado la Asociaci\u00f3n de Defensores del Pueblo de la Rep\u00fablica Argentina (ADPRA), que a su vez se iniciar\u00e1 una -Acci\u00f3n Colectiva- por ante Tribunales de la Ciudad Aut\u00f3noma de Buenos Aires y al mismo tiempo todas las Defensor\u00edas del Pa\u00eds lo har\u00e1n por ante los Juzgados Federales Competentes al no haberse respetado, para que tenga validez jur\u00eddica, el derecho de los usuarios a la protecci\u00f3n de sus \u201cintereses econ\u00f3micos\u201d (art. 42 de la Constituci\u00f3n Nacional), y menos a\u00fan los Principios consagrados por la C.S.J.N. que deben tenerse en cuenta al modificarse precios de servicios p\u00fablicos, como lo son el de la gradualidad, razonabilidad, no confiscatoriedad, proporcionalidad, evit\u00e1ndose de esa forma el perjuicio social desmesurado que se causa, siendo adem\u00e1s imprevisibles, no resguardando las previsiones econ\u00f3micas de los grupos familiares que est\u00e1n \u00edntimamente vinculados con los aumentos salariales, tanto p\u00fablicos como privados. Por ello el Ombudsman Provincial Dr. Jos\u00e9 Leonardo Gialluca denunci\u00f3 que nuevamente los usuarios del servicio p\u00fablico de energ\u00eda el\u00e9ctrica nos veremos seriamente afectados a ra\u00edz de las decisiones que adopt\u00f3 el P.E.N., a trav\u00e9s de la actual Secretaria de Energ\u00eda, fij\u00e1ndose incrementos que \u2013en principio- comenzaran a regir a partir del 1 de febrero de 2019 y rondaran en el caso del PRECIO DE REFERENCIA DE LA POTENCIA, en un 800% en el periodo febrero\/abril y alcanzar\u00e1 un aumento del 1.200% en el mes de agosto de 2019. Esto es, de $10.000 que costaba el MW\/mes, pasa a valer $80.000 en febrero\/19, aumenta a $100.000 en mayo\/19 y alcanza $120.000 a partir de agosto\/2019. Datos que surgen de los Anexos I y II de la Resoluci\u00f3n N\u00ba 366\/2018 de la Secretaria de Energ\u00eda de fecha 27\/12\/2018. Evidenci\u00e1ndose tambi\u00e9n un aumento en el costo del precio estabilizado de la energ\u00eda para las Distribuidoras que supera el 40%. Como ya sucedi\u00f3 en repetidas ocasiones, el Gobierno Nacional volvi\u00f3 sobre sus pasos, (las ya famosas idas y vueltas), dejando de lado la Disposici\u00f3n 97\/2018 de la ex Subsecretaria de Energ\u00eda El\u00e9ctrica de Naci\u00f3n, que aprobaba la Programaci\u00f3n Estacional de Verano para el Mercado El\u00e9ctrico Mayorista elevado por CAMMESA, correspondiente al periodo comprendido entre el 01\/11\/2018 al 30\/04\/2019; dict\u00e1ndose de un d\u00eda para otro la Resoluci\u00f3n N\u00ba 366\/18 con valores marcadamente superiores y aplicables desde el 01\/02\/2019. Todo esto a pesar de que los usuarios ya nos encontramos en una situaci\u00f3n de incapacidad de pago de las tarifas vigentes, por lo menos, ten\u00edamos previsibilidad en relaci\u00f3n al precio que \u00edbamos a pagar por el servicio de energ\u00eda el\u00e9ctrica hasta el 30\/04\/2019. As\u00ed, este tipo de actos unilaterales y carentes de toda proporcionalidad y razonabilidad, son ejemplos de los constantes avasallamientos que venimos soportando desde hace tres (3) a\u00f1os como usuarios. Puesto que no solo nos vemos constre\u00f1idos a afrontar precios por la energ\u00eda el\u00e9ctrica exorbitantes, sino tambi\u00e9n violentados por decisiones que en forma estrepitosa nos modifican las reglas de juego. En efecto, y a la luz de la conducta err\u00e1tica demostrada por este Gobierno Nacional durante todo su mandato, no podemos asegurar en este momento que se respeten los nuevos valores de la energ\u00eda el\u00e9ctrica, enti\u00e9ndase, GENERACION (precio de referencia de la potencia y precio estabilizado de la energ\u00eda) y TRANSPORTE fijados a partir del 01\/02\/2019 hasta el 31\/10\/2019, cuya determinaci\u00f3n depende exclusivamente de las Autoridades Nacionales, \u201cque llevan adelante acciones en el campo de la energ\u00eda y econ\u00f3mica totalmente sinuosas e impredecibles\u201d.<\/p>\n","protected":false},"excerpt":{"rendered":"<p>Esto es, de $10.000 que costaba el MW\/mes, pasa a valer $80.000 en febrero\/19, aumenta a $100.000 en mayo\/19 y alcanza $120.000 a partir de agosto\/2019<\/p>\n","protected":false},"author":1,"featured_media":8177,"comment_status":"closed","ping_status":"closed","sticky":false,"template":"","format":"standard","meta":{"footnotes":""},"categories":[1,3],"tags":[],"class_list":["post-8176","post","type-post","status-publish","format-standard","has-post-thumbnail","hentry","category-noticias","category-defensa-de-los-derechos-del-usuario-consumidor-contribuyentes"],"_links":{"self":[{"href":"https:\/\/defensoriaformosa.gob.ar\/index.php?rest_route=\/wp\/v2\/posts\/8176","targetHints":{"allow":["GET"]}}],"collection":[{"href":"https:\/\/defensoriaformosa.gob.ar\/index.php?rest_route=\/wp\/v2\/posts"}],"about":[{"href":"https:\/\/defensoriaformosa.gob.ar\/index.php?rest_route=\/wp\/v2\/types\/post"}],"author":[{"embeddable":true,"href":"https:\/\/defensoriaformosa.gob.ar\/index.php?rest_route=\/wp\/v2\/users\/1"}],"replies":[{"embeddable":true,"href":"https:\/\/defensoriaformosa.gob.ar\/index.php?rest_route=%2Fwp%2Fv2%2Fcomments&post=8176"}],"version-history":[{"count":1,"href":"https:\/\/defensoriaformosa.gob.ar\/index.php?rest_route=\/wp\/v2\/posts\/8176\/revisions"}],"predecessor-version":[{"id":8178,"href":"https:\/\/defensoriaformosa.gob.ar\/index.php?rest_route=\/wp\/v2\/posts\/8176\/revisions\/8178"}],"wp:featuredmedia":[{"embeddable":true,"href":"https:\/\/defensoriaformosa.gob.ar\/index.php?rest_route=\/wp\/v2\/media\/8177"}],"wp:attachment":[{"href":"https:\/\/defensoriaformosa.gob.ar\/index.php?rest_route=%2Fwp%2Fv2%2Fmedia&parent=8176"}],"wp:term":[{"taxonomy":"category","embeddable":true,"href":"https:\/\/defensoriaformosa.gob.ar\/index.php?rest_route=%2Fwp%2Fv2%2Fcategories&post=8176"},{"taxonomy":"post_tag","embeddable":true,"href":"https:\/\/defensoriaformosa.gob.ar\/index.php?rest_route=%2Fwp%2Fv2%2Ftags&post=8176"}],"curies":[{"name":"wp","href":"https:\/\/api.w.org\/{rel}","templated":true}]}}