{"id":8134,"date":"2018-12-20T15:10:34","date_gmt":"2018-12-20T18:10:34","guid":{"rendered":"http:\/\/2015.defensoriaformosa.gob.ar\/?p=8134"},"modified":"2018-12-20T15:11:27","modified_gmt":"2018-12-20T18:11:27","slug":"convoco-la-defensoria-del-pueblo-a-todas-las-personas-que-reciban-citaciones-de-la-aduana-de-santa-fe-por-la-presunta-comision-del-delito-de-contrabando","status":"publish","type":"post","link":"https:\/\/defensoriaformosa.gob.ar\/?p=8134","title":{"rendered":"CONVOCO LA DEFENSORIA DEL PUEBLO A TODAS LAS PERSONAS QUE RECIBAN CITACIONES DE LA ADUANA DE SANTA FE POR LA PRESUNTA COMISION DEL DELITO DE CONTRABANDO"},"content":{"rendered":"<p><strong>La Defensor\u00eda del Pueblo de la Provincia, por medio de su -Direcci\u00f3n de Justicia y Mediaci\u00f3n Comunitaria-, solicit\u00f3 formalmente a la Direcci\u00f3n Nacional de Aduanas, que reconsidere la imputaci\u00f3n formulada a decenas de personas, residentes en Formosa que no viajaron a Santa Fe, ni enviaron encomiendas hacia la misma, sin embargo, se hallan actualmente acusadas de transportar mercader\u00edas sin los avales aduaneros (contrabando) y se las intima a pagar altas sumas de dinero en concepto de multas.<\/strong><\/p>\n<p><!--more--><\/p>\n<p>La intervenci\u00f3n del Organismo de la Constituci\u00f3n, se da a ra\u00edz de las consultas realizadas por parte de personas que recibieron cedulas provenientes de la Aduana de Santa Fe, mediante las cuales se les notific\u00f3 de la Instrucci\u00f3n de Causas Contenciosas en su contra por la presunta comisi\u00f3n de infracci\u00f3n al r\u00e9gimen de tenencia en plaza de mercader\u00edas de origen extranjero con fines comerciales previsto en el Art. 985 del C\u00f3digo Aduanero. Circunstancias que los reclamantes manifiestan categ\u00f3ricamente desconocer, ya que en algunos casos se encuentran internados, otros nunca utilizaron esta modalidad de env\u00edo de bienes, por lo que se deduce que se les ha utilizado sin su consentimiento fotocopias de sus documentos para despachar las encomiendas en cuesti\u00f3n y all\u00ed es donde la Aduana los relaciona, sin que estas personas tengan algo que ver con el delito que se les quiere imputar. Al respecto el Defensor del Pueblo, Jos\u00e9 Leonardo Gialluca expres\u00f3: \u201cHemos efectuado las averiguaciones del caso, resultando ciertos los extremos que alegan las personas afectadas, en cuanto nunca han viajado a Santa Fe, ni han enviado mercader\u00edas algunas hacia ese lugar, o hayan traspuesto dicha jurisdicci\u00f3n con destino a otra Provincia\u201d. Es por ello que sugerimos a todos los formose\u00f1os que se vean colocados en esta situaci\u00f3n y necesiten acceder a una defensa legal en las causas originadas, los invitamos a concurrir a la mayor brevedad posible a la Sede de la Defensor\u00eda del Pueblo, sito en Padre Pati\u00f1o N\u00ba 831, de lunes a viernes de 08 a 13 horas y de 18 a 20 horas \u2013por cuanto existen plazos procedimentales que cumplir-, siendo conveniente que acudan con toda la documentaci\u00f3n relacionada al particular, para recibir el asesoramiento gratuito correcto, de esta manera se podr\u00e1 interponer las acciones tendientes a garantizar su correcta defensa en el expediente administrativo que se sustancia en la Provincia de Santa Fe. Adem\u00e1s de ello, pueden efectuar sus consultas a los tel\u00e9fonos 3704-436379\/436320 o al 0800-444-1770 o bien a los correos electr\u00f3nicos denuncia@formosa.gov.ar y depuefor@fibertel.com.ar.-<\/p>\n<p><a href=\"https:\/\/2015.defensoriaformosa.gob.ar\/wp-content\/uploads\/2018\/12\/CONVOCO-LA-DEFENSORIA-DEL-PUEBLO-A-TODAS-LAS-PERSONAS-QUE-RECIBAN-CITACIONES-DE-LA-ADUANA-DE-SANTA-F-1024x576.jpg\"><img loading=\"lazy\" decoding=\"async\" class=\"alignleft size-full wp-image-8135\" src=\"https:\/\/2015.defensoriaformosa.gob.ar\/wp-content\/uploads\/2018\/12\/CONVOCO-LA-DEFENSORIA-DEL-PUEBLO-A-TODAS-LAS-PERSONAS-QUE-RECIBAN-CITACIONES-DE-LA-ADUANA-DE-SANTA-F-1024x576.jpg\" alt=\"\" width=\"1024\" height=\"576\" srcset=\"https:\/\/defensoriaformosa.gob.ar\/wp-content\/uploads\/2018\/12\/CONVOCO-LA-DEFENSORIA-DEL-PUEBLO-A-TODAS-LAS-PERSONAS-QUE-RECIBAN-CITACIONES-DE-LA-ADUANA-DE-SANTA-F-1024x576.jpg 1024w, https:\/\/defensoriaformosa.gob.ar\/wp-content\/uploads\/2018\/12\/CONVOCO-LA-DEFENSORIA-DEL-PUEBLO-A-TODAS-LAS-PERSONAS-QUE-RECIBAN-CITACIONES-DE-LA-ADUANA-DE-SANTA-F-1024x576-300x169.jpg 300w, https:\/\/defensoriaformosa.gob.ar\/wp-content\/uploads\/2018\/12\/CONVOCO-LA-DEFENSORIA-DEL-PUEBLO-A-TODAS-LAS-PERSONAS-QUE-RECIBAN-CITACIONES-DE-LA-ADUANA-DE-SANTA-F-1024x576-768x432.jpg 768w\" sizes=\"auto, (max-width: 1024px) 100vw, 1024px\" \/><\/a><\/p>\n","protected":false},"excerpt":{"rendered":"<p>La Defensor\u00eda del Pueblo de la Provincia, por medio de su -Direcci\u00f3n de Justicia y Mediaci\u00f3n Comunitaria-, solicit\u00f3 formalmente a la Direcci\u00f3n Nacional de Aduanas, que reconsidere la imputaci\u00f3n formulada a decenas de personas, residentes en Formosa que no viajaron a Santa Fe, ni enviaron encomiendas hacia la misma, sin embargo, se hallan actualmente acusadas [&hellip;]<\/p>\n","protected":false},"author":1,"featured_media":8135,"comment_status":"closed","ping_status":"closed","sticky":false,"template":"","format":"standard","meta":{"footnotes":""},"categories":[1],"tags":[],"class_list":["post-8134","post","type-post","status-publish","format-standard","has-post-thumbnail","hentry","category-noticias"],"_links":{"self":[{"href":"https:\/\/defensoriaformosa.gob.ar\/index.php?rest_route=\/wp\/v2\/posts\/8134","targetHints":{"allow":["GET"]}}],"collection":[{"href":"https:\/\/defensoriaformosa.gob.ar\/index.php?rest_route=\/wp\/v2\/posts"}],"about":[{"href":"https:\/\/defensoriaformosa.gob.ar\/index.php?rest_route=\/wp\/v2\/types\/post"}],"author":[{"embeddable":true,"href":"https:\/\/defensoriaformosa.gob.ar\/index.php?rest_route=\/wp\/v2\/users\/1"}],"replies":[{"embeddable":true,"href":"https:\/\/defensoriaformosa.gob.ar\/index.php?rest_route=%2Fwp%2Fv2%2Fcomments&post=8134"}],"version-history":[{"count":2,"href":"https:\/\/defensoriaformosa.gob.ar\/index.php?rest_route=\/wp\/v2\/posts\/8134\/revisions"}],"predecessor-version":[{"id":8137,"href":"https:\/\/defensoriaformosa.gob.ar\/index.php?rest_route=\/wp\/v2\/posts\/8134\/revisions\/8137"}],"wp:featuredmedia":[{"embeddable":true,"href":"https:\/\/defensoriaformosa.gob.ar\/index.php?rest_route=\/wp\/v2\/media\/8135"}],"wp:attachment":[{"href":"https:\/\/defensoriaformosa.gob.ar\/index.php?rest_route=%2Fwp%2Fv2%2Fmedia&parent=8134"}],"wp:term":[{"taxonomy":"category","embeddable":true,"href":"https:\/\/defensoriaformosa.gob.ar\/index.php?rest_route=%2Fwp%2Fv2%2Fcategories&post=8134"},{"taxonomy":"post_tag","embeddable":true,"href":"https:\/\/defensoriaformosa.gob.ar\/index.php?rest_route=%2Fwp%2Fv2%2Ftags&post=8134"}],"curies":[{"name":"wp","href":"https:\/\/api.w.org\/{rel}","templated":true}]}}