{"id":813,"date":"2015-04-19T08:56:33","date_gmt":"2015-04-19T11:56:33","guid":{"rendered":"http:\/\/2015.defensoriaformosa.gob.ar\/?p=813"},"modified":"2015-04-19T08:56:33","modified_gmt":"2015-04-19T11:56:33","slug":"se-recordo-desde-la-defensoria-del-pueblo-el-dia-del-aborigen-americano","status":"publish","type":"post","link":"https:\/\/defensoriaformosa.gob.ar\/?p=813","title":{"rendered":"SE RECORD\u00d3 DESDE LA DEFENSORIA DEL PUEBLO EL DIA DEL ABORIGEN AMERICANO"},"content":{"rendered":"<p style=\"text-align: justify;\"><strong>Se\u00f1alaron desde la Direcci\u00f3n de Derechos Humanos y Grupos Minoritarios, Discriminaci\u00f3n, Xenofobia Trata de Personas Discapacidad, que en el d\u00eda de la fecha, se celebra el D\u00eda Americano del Indio o D\u00eda del Aborigen Americano; por decreto del Poder Ejecutivo Nacional N\u00ba 7550 del a\u00f1o 1945, fij\u00e1ndose esa fecha como reivindicatoria de los derechos de los abor\u00edgenes, en todo el territorio argentino.<\/strong><\/p>\n<p style=\"text-align: justify;\"><!--more--><\/p>\n<p style=\"text-align: justify;\">El D\u00eda Americano del Indio o D\u00eda del Aborigen Americano se instituy\u00f3 en conmemoraci\u00f3n al Primer Congreso Indigenista Interamericano, realizado en M\u00e9xico en la ciudad de Pazquaro (Estado de Michoac\u00e1n) el 19 de abril de 1.940, convocado por el entonces Presidente L\u00e1zaro C\u00e1rdenas, quien era descendiente de ind\u00edgenas.\u00a0\u00a0\u00a0\u00a0\u00a0\u00a0\u00a0\u00a0\u00a0\u00a0\u00a0\u00a0\u00a0\u00a0\u00a0\u00a0\u00a0\u00a0\u00a0\u00a0\u00a0\u00a0\u00a0\u00a0\u00a0\u00a0 .<br \/>\nEn esa oportunidad se reunieron en asamblea los caciques representantes de las culturas ind\u00edgenas de diferentes regiones del continente americano para tratar temas referentes a la situaci\u00f3n social que viv\u00edan y buscar un camino com\u00fan para enfrentar las adversidades. Como consecuencia de este Congreso se organiz\u00f3 el Instituto Indigenista Interamericano, que en la actualidad tiene su sede en M\u00e9xico y depende de la Organizaci\u00f3n de los Estados Americanos (OEA). En 1945, por decreto N\u00b0 7.550 del Poder Ejecutivo Nacional, la Rep\u00fablica Argentina reconoci\u00f3 esta fecha como reivindicatoria de los Pueblos Abor\u00edgenes.\u00a0\u00a0\u00a0\u00a0\u00a0\u00a0\u00a0\u00a0\u00a0\u00a0 .<br \/>\nAdem\u00e1s, en la Constituci\u00f3n Nacional de 1994 \u2013 Art. 75, inciso 17 \u2013 se otorga rango constitucional a los asuntos ind\u00edgenas. As\u00ed tambi\u00e9n en el a\u00f1o 2.000, nuestro Pa\u00eds ratific\u00f3 el Convenio N\u00b0 169 de la OIT, por el cual el Estado Argentino reconoce a los pueblos ind\u00edgenas derecho a su integridad cultural, tierras, sus formas de organizaci\u00f3n social, econ\u00f3mica y su Derecho Consuetudinario Ind\u00edgena.<\/p>\n<p style=\"text-align: justify;\">La Defensor\u00eda del Pueblo, se\u00f1alo que toda nuestra Comunidad, \u201ccelebra con entusiasmo este d\u00eda en el cual recordamos el reconocimiento de los derechos y Garantias que poseen todas las Comunidades Abor\u00edgenes de Formosa y es en nuestra Provincia donde tienen tambi\u00e9n un expreso reconocimiento en la Constituci\u00f3n Provincial y en leyes especificas, siendo esta la parte formal, pues en la vida real, est\u00e1n integrados a nuestra sociedad, siempre respet\u00e1ndoseles sus forma de Organizaci\u00f3n Social, y creencias ancestrales, pero el tiempo nos muestra, cada d\u00eda que pasa que a trav\u00e9s de la educaci\u00f3n biling\u00fce, de las parteras, tradicionales y del proceso de inclusi\u00f3n e integraci\u00f3n social, hoy tenemos en nuestra Formosa, Docentes, Profesores, Abogados y originarios que se desempe\u00f1an con gran responsabilidad en distintos lugares de trabajo\u201d. El Organismo de la Constitucion, se\u00f1alo que los desencuentro que se producen, son elementos que debemos resolver a trav\u00e9s del dialogo con todos y sin dejarnos llevar por los intereses particulares y pol\u00edticos de aquellos que creen todav\u00eda, que se pueden abusar de los Derechos de los Pueblos Originarios, cuando en realidad son ellos, los que muchas veces nos dan verdaderas lecciones de c\u00f3mo trabajar unidos y solidariamente para obtener logros que permitan ver a los ni\u00f1os y abuelos desarrollando sus actividades en paz y prosperidad.<\/p>\n<p style=\"text-align: justify;\"><em><strong>\u00abLlegaron&#8230;\u00a0<\/strong><\/em><br \/>\n<em><strong> Ellos ten\u00edan la biblia y nosotros la tierra..\u00a0<\/strong><\/em><br \/>\n<em><strong> y nos dijeron: &#8216;Cierren los ojos y recen.&#8217;\u00a0<\/strong><\/em><br \/>\n<em><strong> Cerramos los ojos y cuando los abrimos,\u00a0<\/strong><\/em><br \/>\n<em><strong> ellos ten\u00edan la tierra y nosotros la biblia.\u00bb<\/strong><\/em><\/p>\n","protected":false},"excerpt":{"rendered":"<p>Se\u00f1alaron desde la Direcci\u00f3n de Derechos Humanos y Grupos Minoritarios, Discriminaci\u00f3n, Xenofobia Trata de Personas Discapacidad, que en el d\u00eda de la fecha, se celebra el D\u00eda Americano del Indio o D\u00eda del Aborigen Americano; por decreto del Poder Ejecutivo Nacional N\u00ba 7550 del a\u00f1o 1945, fij\u00e1ndose esa fecha como reivindicatoria de los derechos de [&hellip;]<\/p>\n","protected":false},"author":1,"featured_media":374,"comment_status":"closed","ping_status":"closed","sticky":false,"template":"","format":"standard","meta":{"footnotes":""},"categories":[4,1],"tags":[],"class_list":["post-813","post","type-post","status-publish","format-standard","has-post-thumbnail","hentry","category-ddhh","category-noticias"],"_links":{"self":[{"href":"https:\/\/defensoriaformosa.gob.ar\/index.php?rest_route=\/wp\/v2\/posts\/813","targetHints":{"allow":["GET"]}}],"collection":[{"href":"https:\/\/defensoriaformosa.gob.ar\/index.php?rest_route=\/wp\/v2\/posts"}],"about":[{"href":"https:\/\/defensoriaformosa.gob.ar\/index.php?rest_route=\/wp\/v2\/types\/post"}],"author":[{"embeddable":true,"href":"https:\/\/defensoriaformosa.gob.ar\/index.php?rest_route=\/wp\/v2\/users\/1"}],"replies":[{"embeddable":true,"href":"https:\/\/defensoriaformosa.gob.ar\/index.php?rest_route=%2Fwp%2Fv2%2Fcomments&post=813"}],"version-history":[{"count":1,"href":"https:\/\/defensoriaformosa.gob.ar\/index.php?rest_route=\/wp\/v2\/posts\/813\/revisions"}],"predecessor-version":[{"id":814,"href":"https:\/\/defensoriaformosa.gob.ar\/index.php?rest_route=\/wp\/v2\/posts\/813\/revisions\/814"}],"wp:featuredmedia":[{"embeddable":true,"href":"https:\/\/defensoriaformosa.gob.ar\/index.php?rest_route=\/wp\/v2\/media\/374"}],"wp:attachment":[{"href":"https:\/\/defensoriaformosa.gob.ar\/index.php?rest_route=%2Fwp%2Fv2%2Fmedia&parent=813"}],"wp:term":[{"taxonomy":"category","embeddable":true,"href":"https:\/\/defensoriaformosa.gob.ar\/index.php?rest_route=%2Fwp%2Fv2%2Fcategories&post=813"},{"taxonomy":"post_tag","embeddable":true,"href":"https:\/\/defensoriaformosa.gob.ar\/index.php?rest_route=%2Fwp%2Fv2%2Ftags&post=813"}],"curies":[{"name":"wp","href":"https:\/\/api.w.org\/{rel}","templated":true}]}}