{"id":805,"date":"2015-04-17T18:18:40","date_gmt":"2015-04-17T21:18:40","guid":{"rendered":"http:\/\/2015.defensoriaformosa.gob.ar\/?p=805"},"modified":"2015-04-17T18:18:40","modified_gmt":"2015-04-17T21:18:40","slug":"conflicto-por-terrenos-contiguos-al-barrio-nanqom","status":"publish","type":"post","link":"https:\/\/defensoriaformosa.gob.ar\/?p=805","title":{"rendered":"CONFLICTO POR TERRENOS CONTIGUOS AL BARRIO NANQOM"},"content":{"rendered":"<p style=\"text-align: justify;\"><em><strong>-En la Sede de la Defensor\u00eda las partes convinieron en resolver el problema por medios pac\u00edficos y buscando un acuerdo de fondo-<\/strong><\/em><\/p>\n<p style=\"text-align: justify;\"><strong>Se llev\u00f3 a cabo en el d\u00eda de ayer, en la sede de la Defensor\u00eda del Pueblo de la Provincia, una reuni\u00f3n presidida por su titular, Jos\u00e9 Leonardo Gialluca, acompa\u00f1ado de la Defensora del Pueblo Adjunta, Sylvina Portillo y el Secretario Letrado del Organismo de la Constituci\u00f3n, Jos\u00e9 Porfirio Garc\u00eda, quienes recibieron a las dos partes en conflicto por la posesi\u00f3n de parcelas, contiguas al LR N\u00ba 68, m\u00e1s precisamente, al lado del B\u00ba Nanqom. En la ocasi\u00f3n, la representaci\u00f3n de los pobladores originarios, ejercida por el Sr. Jorge Ben\u00edtez, asistido por el Dr. Gabriel Alcaraz, de la APDH -Pastoral Aborigen de la Iglesia Cat\u00f3lica-, expres\u00f3 que debe reconocerse una ocupaci\u00f3n de diez a\u00f1os aproximadamente de los inmuebles en cuesti\u00f3n y que entiende que esta es la v\u00eda para arribar a una soluci\u00f3n. Por el otro, el Sr. Mart\u00edn Garavaglia, acompa\u00f1ado del Dr. Jos\u00e9 Luis Di Marco, representantes de la familia Garavaglia, quienes est\u00e1n inscriptos como propietarios del LR N\u00ba 67, ratificaron su postura de propiedad de la tierra ocupada y a la par su voluntad de encontrar a trav\u00e9s de esta mediaci\u00f3n una resoluci\u00f3n a este conflicto que ya lleva varios a\u00f1os.<\/strong><\/p>\n<p style=\"text-align: justify;\"><!--more--><\/p>\n<p style=\"text-align: justify;\">A su turno, el Defensor del Pueblo de la Provincia, agradeci\u00f3 la presencia de los nombrados, habida cuenta que, el \u00faltimo fin de semana ocurrieron hechos grav\u00edsimos entre las partes, que pudieron desembocar en consecuencias irreparables. Motivo por el cual, manifest\u00f3 la postura institucional de la Defensor\u00eda, en el sentido de repudiar toda v\u00eda de hecho que pretenda ejercerse y m\u00e1s a\u00fan si la misma conlleva acciones violentas. Por ello, abund\u00f3 el funcionario, es buena la apertura de una instancia de di\u00e1logo, en el que las partes tengan la oportunidad de acercar sus posturas. Luego de un breve intercambio de ideas, los presentes pudieron acordar en: -Hacer opci\u00f3n de los medios pac\u00edficos de resoluci\u00f3n para el conflicto que los involucra; -Considerar que los espacios Institucionales son los adecuados a tal fin, optando a tal efecto por el brindado por la Defensor\u00eda del Pueblo de la Provincia;- Mantener el estado de cosas tal y como existe al momento de la celebraci\u00f3n de la reuni\u00f3n y hasta tanto no medie un acuerdo bilateral para el cambio de dichas condiciones; -Convocar a otros actores a la mediaci\u00f3n como ser el Ministerio de Gobierno, Justicia, Seguridad y Trabajo de la Provincia, la Municipalidad Capitalina, Instituto de Comunidades Abor\u00edgenes (ICA) e Instituto Nacional de Asuntos Ind\u00edgenas (INAI), para que, en una pr\u00f3xima reuni\u00f3n que se celebrar\u00e1 a la brevedad, presten su colaboraci\u00f3n y coadyuven a una salida pac\u00edfica y consensuada de la actual situaci\u00f3n existente. Finalmente, se suscribi\u00f3 por las partes, un Acta en la que se dej\u00f3 constancia de todo lo actuado y expresaron un\u00edvocamente la relevancia e importancia de la creaci\u00f3n de este espacio de dialogo, que ser\u00e1 el que permitir\u00e1 arribar a una posible soluci\u00f3n, ya que a trav\u00e9s de la justicia se hace sumamente dif\u00edcil, resolver este tipo de conflictos y los hechos se dilatan exageradamente en el tiempo, cosa que en esta oportunidad no suceder\u00e1 por la buena voluntad expresada por ambas partes.<\/p>\n","protected":false},"excerpt":{"rendered":"<p>-En la Sede de la Defensor\u00eda las partes convinieron en resolver el problema por medios pac\u00edficos y buscando un acuerdo de fondo- Se llev\u00f3 a cabo en el d\u00eda de ayer, en la sede de la Defensor\u00eda del Pueblo de la Provincia, una reuni\u00f3n presidida por su titular, Jos\u00e9 Leonardo Gialluca, acompa\u00f1ado de la Defensora [&hellip;]<\/p>\n","protected":false},"author":1,"featured_media":806,"comment_status":"closed","ping_status":"closed","sticky":false,"template":"","format":"standard","meta":{"footnotes":""},"categories":[4,1],"tags":[],"class_list":["post-805","post","type-post","status-publish","format-standard","has-post-thumbnail","hentry","category-ddhh","category-noticias"],"_links":{"self":[{"href":"https:\/\/defensoriaformosa.gob.ar\/index.php?rest_route=\/wp\/v2\/posts\/805","targetHints":{"allow":["GET"]}}],"collection":[{"href":"https:\/\/defensoriaformosa.gob.ar\/index.php?rest_route=\/wp\/v2\/posts"}],"about":[{"href":"https:\/\/defensoriaformosa.gob.ar\/index.php?rest_route=\/wp\/v2\/types\/post"}],"author":[{"embeddable":true,"href":"https:\/\/defensoriaformosa.gob.ar\/index.php?rest_route=\/wp\/v2\/users\/1"}],"replies":[{"embeddable":true,"href":"https:\/\/defensoriaformosa.gob.ar\/index.php?rest_route=%2Fwp%2Fv2%2Fcomments&post=805"}],"version-history":[{"count":1,"href":"https:\/\/defensoriaformosa.gob.ar\/index.php?rest_route=\/wp\/v2\/posts\/805\/revisions"}],"predecessor-version":[{"id":807,"href":"https:\/\/defensoriaformosa.gob.ar\/index.php?rest_route=\/wp\/v2\/posts\/805\/revisions\/807"}],"wp:featuredmedia":[{"embeddable":true,"href":"https:\/\/defensoriaformosa.gob.ar\/index.php?rest_route=\/wp\/v2\/media\/806"}],"wp:attachment":[{"href":"https:\/\/defensoriaformosa.gob.ar\/index.php?rest_route=%2Fwp%2Fv2%2Fmedia&parent=805"}],"wp:term":[{"taxonomy":"category","embeddable":true,"href":"https:\/\/defensoriaformosa.gob.ar\/index.php?rest_route=%2Fwp%2Fv2%2Fcategories&post=805"},{"taxonomy":"post_tag","embeddable":true,"href":"https:\/\/defensoriaformosa.gob.ar\/index.php?rest_route=%2Fwp%2Fv2%2Ftags&post=805"}],"curies":[{"name":"wp","href":"https:\/\/api.w.org\/{rel}","templated":true}]}}