{"id":7677,"date":"2018-09-05T15:33:27","date_gmt":"2018-09-05T18:33:27","guid":{"rendered":"http:\/\/2015.defensoriaformosa.gob.ar\/?p=7677"},"modified":"2018-09-05T15:33:27","modified_gmt":"2018-09-05T18:33:27","slug":"denuncio-la-defensoria-del-pueblo-que-el-gobierno-nacional-decidio-quitar-subsidios-para-la-tarifa-social-electrica","status":"publish","type":"post","link":"https:\/\/defensoriaformosa.gob.ar\/?p=7677","title":{"rendered":"DENUNCI\u00d3 LA DEFENSOR\u00cdA DEL PUEBLO QUE EL GOBIERNO NACIONAL DECIDI\u00d3 QUITAR SUBSIDIOS PARA LA TARIFA SOCIAL EL\u00c9CTRICA"},"content":{"rendered":"<p><strong>-El Estado Nacional ratific\u00f3 la decisi\u00f3n de eliminar los subsidios tambi\u00e9n al transporte lo que implica que se har\u00e1n impagables estos servicios p\u00fablicos esenciales-<\/strong><\/p>\n<p><!--more--><br \/>\nNuevamente el Gobierno Nacional a trav\u00e9s de su Ministro de Hacienda a cargo del Lic. Nicol\u00e1s DUJOVNE y con el \u00fanico objetivo de obtener un super\u00e1vit primario o un equilibrio fiscal para el a\u00f1o 2019, decidi\u00f3 \u201cmediante un juego de palabras de que se -traspase la tarifa social el\u00e9ctrica a las provincias-\u201d; por lo que el Ombudsman Provincial Dr. Jos\u00e9 Leonardo Gialluca, se\u00f1al\u00f3 que esto no es cierto, no existe ning\u00fan \u2013traspaso-, sino que lo existe es una \u2013eliminaci\u00f3n- de la tarifa social el\u00e9ctrica, ya que no se pueden transferir obligaciones federales, y as\u00ed lo establece el Inc. 2 del Art. 75 de la Constituci\u00f3n Nacional que prescribe que no puede haber transferencias, ni de servicios, ni de competencias, ni de funciones, sin una ley del Congreso de la Naci\u00f3n y otra de cada Legislatura Provincial acept\u00e1ndola. Desde la Defensor\u00eda del Pueblo se se\u00f1al\u00f3 que para nuestra provincia, al ser electrodependiente por no tener gas por redes y con un clima en el cual el uso de los aires acondicionados, freezers, heladeras y otros artefactos son indispensables durante la mayor parte del a\u00f1o, poder sobrevivir en lo que respecta a los usuarios residenciales, comerciales y algunas pymes que utilizan la energ\u00eda el\u00e9ctrica para producir sus bienes y servicios, quienes pagan mucho m\u00e1s cara la energ\u00eda; la eliminaci\u00f3n de la Tarifa Social impactar\u00e1 negativamente en los sectores m\u00e1s vulnerables. Al mismo tiempo, desde el Organismo de la Constituci\u00f3n se se\u00f1al\u00f3 que la empresa provincial REFSA, tendr\u00e1 que pagar m\u00e1s por la facturaci\u00f3n que recibe de CAMMESA, que antes figuraba como tarifa social y ahora ya no ser\u00e1 as\u00ed. Gialluca, se\u00f1al\u00f3 que estas decisiones muestran que el actual Gobierno Nacional no tiene en cuenta, ni dimensiona las grav\u00edsimas situaciones sociales y econ\u00f3micas que producen estas cuestiones, en las cuales las provincias no han sido \u201cconsultadas\u201d y son medidas netamente unitarias que muestran la falta de federalismo y por ello, \u201cno nos pueden pedir sacrificios a todos por igual, porque no estamos en las mismas condiciones seg\u00fan las regiones del pa\u00eds donde se viva\u201d. En este contexto, se peticion\u00f3 al actual Ministro de Hacienda que se revea esta decisi\u00f3n, que si bien por los consumos propios del clima que tenemos en Formosa, no es que la Tarifa Social representaba una gran ayuda y un gran sacrificio para el Estado Nacional, pero si ven\u00eda auxiliando a miles de usuarios de todo el territorio provincial y hasta los propios diputados y\/o representantes pol\u00edticos del Gobierno Nacional en Formosa, defendieron siempre esta asistencia, por lo cual tambi\u00e9n hemos enviado a los diputados provinciales del Frente Amplio Formose\u00f1o &#8211; Cambiemos, que exijan a las Autoridades Nacionales a que mantengan la Tarifa Social de Energ\u00eda y que concedan la &lt;Tarifa Regional Diferenciada&gt; para Formosa, fundado en la profunda crisis que viven todas las franjas sociales de nuestra comunidad y m\u00e1s a\u00fan cuando los servicios p\u00fablicos esenciales se encuentran atados al d\u00f3lar, esto es dolarizados y los salarios pesificados, por lo que es una obligaci\u00f3n que tiene el Estado Nacional el cual genera monop\u00f3licamente la energ\u00eda y la vende desde CAMMESA, permitir que todos puedan tener y acceder a un servicio p\u00fablico como el citado y que sea pagable sin que implique con estos alt\u00edsimos costos, producto de los tarifazos habilitados por el Gobierno de Mauricio Macri, que m\u00e1s del 50% de los ingresos o salarios de los trabajadores se destinen al pago de servicios. En esta misma l\u00ednea de trabajo desde la Defensor\u00eda del Pueblo se le reiter\u00f3 el pedido al Presidente de la Naci\u00f3n y al Ministro Dujovne, que se establezca un impuesto a la riqueza sobre los bienes y cuentas bancarias de los Argentinos en el exterior y que ascienden a unos 100.000 millones de d\u00f3lares y que actualmente no tributan nada y de esa forma Formosa y otras provincias podr\u00edamos tener partidas extras para restablecer la Tarifa Social El\u00e9ctrica y afrontar los subsidios al transporte, puesto que si no hay ning\u00fan mecanismo de compensaci\u00f3n a los usuarios se les har\u00e1 imposible pagar el costo de estos servicios y todav\u00eda tenemos que recordar la p\u00e9rdida del Fondo Sojero y por ello es imprescindible y necesario que entre todos encontremos alternativas que impliquen no continuar afectando el salario de los trabajadores.<\/p>\n","protected":false},"excerpt":{"rendered":"<p>-El Estado Nacional ratific\u00f3 la decisi\u00f3n de eliminar los subsidios tambi\u00e9n al transporte lo que implica que se har\u00e1n impagables estos servicios p\u00fablicos esenciales-<\/p>\n","protected":false},"author":1,"featured_media":7679,"comment_status":"closed","ping_status":"closed","sticky":false,"template":"","format":"standard","meta":{"footnotes":""},"categories":[1],"tags":[],"class_list":["post-7677","post","type-post","status-publish","format-standard","has-post-thumbnail","hentry","category-noticias"],"_links":{"self":[{"href":"https:\/\/defensoriaformosa.gob.ar\/index.php?rest_route=\/wp\/v2\/posts\/7677","targetHints":{"allow":["GET"]}}],"collection":[{"href":"https:\/\/defensoriaformosa.gob.ar\/index.php?rest_route=\/wp\/v2\/posts"}],"about":[{"href":"https:\/\/defensoriaformosa.gob.ar\/index.php?rest_route=\/wp\/v2\/types\/post"}],"author":[{"embeddable":true,"href":"https:\/\/defensoriaformosa.gob.ar\/index.php?rest_route=\/wp\/v2\/users\/1"}],"replies":[{"embeddable":true,"href":"https:\/\/defensoriaformosa.gob.ar\/index.php?rest_route=%2Fwp%2Fv2%2Fcomments&post=7677"}],"version-history":[{"count":1,"href":"https:\/\/defensoriaformosa.gob.ar\/index.php?rest_route=\/wp\/v2\/posts\/7677\/revisions"}],"predecessor-version":[{"id":7678,"href":"https:\/\/defensoriaformosa.gob.ar\/index.php?rest_route=\/wp\/v2\/posts\/7677\/revisions\/7678"}],"wp:featuredmedia":[{"embeddable":true,"href":"https:\/\/defensoriaformosa.gob.ar\/index.php?rest_route=\/wp\/v2\/media\/7679"}],"wp:attachment":[{"href":"https:\/\/defensoriaformosa.gob.ar\/index.php?rest_route=%2Fwp%2Fv2%2Fmedia&parent=7677"}],"wp:term":[{"taxonomy":"category","embeddable":true,"href":"https:\/\/defensoriaformosa.gob.ar\/index.php?rest_route=%2Fwp%2Fv2%2Fcategories&post=7677"},{"taxonomy":"post_tag","embeddable":true,"href":"https:\/\/defensoriaformosa.gob.ar\/index.php?rest_route=%2Fwp%2Fv2%2Ftags&post=7677"}],"curies":[{"name":"wp","href":"https:\/\/api.w.org\/{rel}","templated":true}]}}