{"id":7673,"date":"2018-09-04T14:58:31","date_gmt":"2018-09-04T17:58:31","guid":{"rendered":"http:\/\/2015.defensoriaformosa.gob.ar\/?p=7673"},"modified":"2018-09-04T14:58:31","modified_gmt":"2018-09-04T17:58:31","slug":"demando-la-defensoria-del-pueblo-a-la-justicia-federal-y-a-gendarmeria-nacional-que-liberen-los-cortes-de-la-ruta-nacional-no-81-aplicando-lo-que-establece-claramente-nuestro-codigo-penal","status":"publish","type":"post","link":"https:\/\/defensoriaformosa.gob.ar\/?p=7673","title":{"rendered":"DEMANDO LA DEFENSORIA DEL PUEBLO A LA JUSTICIA FEDERAL Y A GENDARMERIA NACIONAL QUE LIBEREN LOS CORTES DE LA RUTA NACIONAL N\u00ba 81 APLICANDO LO QUE ESTABLECE CLARAMENTE NUESTRO CODIGO PENAL"},"content":{"rendered":"<p><strong>Frente al pedido de usuarios que por distintos motivos deben transitar la Ruta Nacional N\u00ba 81, desde la Defensor\u00eda del Pueblo se interpusieron una serie de acciones judiciales por ante la Justicia Federal para que Gendarmer\u00eda Nacional libere esta traza tanto a la altura de Bartolom\u00e9 de las Casas como as\u00ed tambi\u00e9n a la altura de la Colonia Juan Bautista Alberdi jurisdicci\u00f3n de Estanislao del Campo, Departamento Pati\u00f1o de la Provincia de Formosa.<\/strong><\/p>\n<p><!--more--><\/p>\n<p>El Ombudsman Provincial Dr. Jos\u00e9 Leonardo Gialluca inform\u00f3 que en el d\u00eda de ayer, se procedi\u00f3 a adjuntar pruebas que individualizan claramente a los responsables del delito previsto en el Art. 194 y por ello se solicit\u00f3 a la Fiscal Federal N\u00ba 2 las medidas correspondientes que garanticen los derechos de todos los ciudadanos consagrados en el Art. 14 de la Constituci\u00f3n Nacional. Por otra parte y al mismo tiempo desde el Organismo de la Constituci\u00f3n Provincial se interpuso otra denuncia que recay\u00f3 en el Fiscal\u00eda Federal N\u00ba 1 a cargo del Dr. Luis Benitez por el corte de Ruta a la altura de Estanislao del Campo en donde un grupo de siete originarios proceden a cortar esta Ruta Nacional entre las 11 de la ma\u00f1ana hasta las 18 horas para luego retirarse a sus domicilios y retomar esta modalidad al d\u00eda siguiente. El Funcionario Provincial se\u00f1al\u00f3 que esperamos que las Fuerzas de Seguridad de Gendarmer\u00eda Nacional que se encuentran en ambos cortes, apliquen el, \u201cProtocolo de Actuaci\u00f3n de las Fuerzas de Seguridad del Estado en Manifestaciones P\u00fablicas\u201d principalmente cuando de noche o los fines de semana o en aquellos momentos en que los manifestantes se retiran de la Ruta, siendo una obligaci\u00f3n de Gendarmer\u00eda Nacional no permitirles nuevamente el corte de Ruta, \u201cpuesto que los ciudadanos que necesitan transitar por esta Ruta u otras y que son contribuyentes, que poseen sus derechos, quedan perplejos ante tama\u00f1a irregularidad y pasividad por parte de las Fuerzas Federales que se encuentran en condiciones m\u00e1s que suficientes de neutralizar estos cortes\u201d Gialluca agreg\u00f3 que hemos pedido tambi\u00e9n la intervenci\u00f3n del Instituto de Comunidades Abor\u00edgenes \u2013 (ICA), con la finalidad de que interceda para conocer cu\u00e1les son los reclamos de los ciudadanos en cuesti\u00f3n, m\u00e1s all\u00e1 de que en los \u00faltimos tiempos por permisividad de la Justicia y tambi\u00e9n de las Fuerzas de Seguridad, los caminos, las rutas, los espacios p\u00fablicos han quedado librados a lo que grupos min\u00fasculos decidan realizar contraviniendo toda normativa penal vigente. Es por ello que la Ciudadan\u00eda en general considera que Gendarmer\u00eda Nacional ha perdido el respeto en las Rutas Nacionales por parte de los manifestantes y por eso el Defensor del Pueblo se quej\u00f3 de que pareciera que los cortes se convalidan y que son acompa\u00f1ados por la Fuerza de Seguridad y a veces tambi\u00e9n pareciera que depende de la naturaleza de los reclamos o la bandera pol\u00edtica de los manifestantes o del lugar de la Argentina donde se realicen, para que inmediatamente tanto la Justicia como las Fuerzas de Seguridad apliquen r\u00e1pidamente los protocolos de actuaci\u00f3n frente a estos delitos flagrantes y aqu\u00ed asistimos a situaciones donde en principio no existe un riesgo cierto y que por ello, \u201cestas situaciones generan profundo malestar social a todos los que necesitamos transitar libremente por esas Rutas para trabajar y cumplir con nuestras obligaciones\u201d; siendo que no estamos criminalizando la protesta, puesto que abrimos todos los espacios y canales de di\u00e1logo con los manifestantes, pero hay que decirlo con todas las palabras que lo que sucede es que sus peticiones no pueden ser satisfechas de un d\u00eda para otro y eso lleva a que se produzca un di\u00e1logo que nunca llega a compatibilizar intereses de las partes.<\/p>\n","protected":false},"excerpt":{"rendered":"<p>Frente al pedido de usuarios que por distintos motivos deben transitar la Ruta Nacional N\u00ba 81, desde la Defensor\u00eda del Pueblo se interpusieron una serie de acciones judiciales por ante la Justicia Federal para que Gendarmer\u00eda Nacional libere esta traza tanto a la altura de Bartolom\u00e9 de las Casas como as\u00ed tambi\u00e9n a la altura [&hellip;]<\/p>\n","protected":false},"author":1,"featured_media":7674,"comment_status":"closed","ping_status":"closed","sticky":false,"template":"","format":"standard","meta":{"footnotes":""},"categories":[4,1,7],"tags":[],"class_list":["post-7673","post","type-post","status-publish","format-standard","has-post-thumbnail","hentry","category-ddhh","category-noticias","category-seguridad-vial"],"_links":{"self":[{"href":"https:\/\/defensoriaformosa.gob.ar\/index.php?rest_route=\/wp\/v2\/posts\/7673","targetHints":{"allow":["GET"]}}],"collection":[{"href":"https:\/\/defensoriaformosa.gob.ar\/index.php?rest_route=\/wp\/v2\/posts"}],"about":[{"href":"https:\/\/defensoriaformosa.gob.ar\/index.php?rest_route=\/wp\/v2\/types\/post"}],"author":[{"embeddable":true,"href":"https:\/\/defensoriaformosa.gob.ar\/index.php?rest_route=\/wp\/v2\/users\/1"}],"replies":[{"embeddable":true,"href":"https:\/\/defensoriaformosa.gob.ar\/index.php?rest_route=%2Fwp%2Fv2%2Fcomments&post=7673"}],"version-history":[{"count":1,"href":"https:\/\/defensoriaformosa.gob.ar\/index.php?rest_route=\/wp\/v2\/posts\/7673\/revisions"}],"predecessor-version":[{"id":7675,"href":"https:\/\/defensoriaformosa.gob.ar\/index.php?rest_route=\/wp\/v2\/posts\/7673\/revisions\/7675"}],"wp:featuredmedia":[{"embeddable":true,"href":"https:\/\/defensoriaformosa.gob.ar\/index.php?rest_route=\/wp\/v2\/media\/7674"}],"wp:attachment":[{"href":"https:\/\/defensoriaformosa.gob.ar\/index.php?rest_route=%2Fwp%2Fv2%2Fmedia&parent=7673"}],"wp:term":[{"taxonomy":"category","embeddable":true,"href":"https:\/\/defensoriaformosa.gob.ar\/index.php?rest_route=%2Fwp%2Fv2%2Fcategories&post=7673"},{"taxonomy":"post_tag","embeddable":true,"href":"https:\/\/defensoriaformosa.gob.ar\/index.php?rest_route=%2Fwp%2Fv2%2Ftags&post=7673"}],"curies":[{"name":"wp","href":"https:\/\/api.w.org\/{rel}","templated":true}]}}