{"id":7546,"date":"2018-08-05T22:20:46","date_gmt":"2018-08-06T01:20:46","guid":{"rendered":"http:\/\/2015.defensoriaformosa.gob.ar\/?p=7546"},"modified":"2018-08-05T22:20:46","modified_gmt":"2018-08-06T01:20:46","slug":"integrantes-de-las-comunidades-aborigenes-de-la-esperanza-el-descanso-y-pozo-molina-se-reunieron-en-la-defensoria-del-pueblo","status":"publish","type":"post","link":"https:\/\/defensoriaformosa.gob.ar\/?p=7546","title":{"rendered":"INTEGRANTES DE LAS COMUNIDADES ABORIGENES DE LA ESPERANZA, EL DESCANSO Y POZO MOLINA SE REUNIERON EN LA DEFENSORIA DEL PUEBLO"},"content":{"rendered":"<p><strong>Fueron recibidos en la sede de la Defensor\u00eda del Pueblo, el Presidente de la Comunidad de La Esperanza, Se\u00f1or Osvaldo Caballero, el Presidente de la Asociaci\u00f3n Civil de El Descanso, Daniel Tata y el Cacique Taqui Fern\u00e1ndez de la Comunidad de Pozo Molino, por el Defensor del Pueblo, la Adjunta Sylvina Portillo y el Asesor Letrado Favio O. Fleitas. <\/strong><\/p>\n<p><!--more--><\/p>\n<p>En la prolongada reuni\u00f3n de trabajo, se abordaron distintos temas, que son la continuaci\u00f3n de otros encuentros mantenidos con anterioridad, y por lo cual se inform\u00f3 que tanto las escuelas de Pozo Molino y El Descanso ya cuentan con energ\u00eda el\u00e9ctrica, como as\u00ed tambi\u00e9n el cumplimiento del compromiso del que participo tambi\u00e9n el Representante del SPAP Ing. Duarte, habi\u00e9ndose encontrado agua en Pozo Molino a unos 37 metros de profundidad y que les permite contar con este vital l\u00edquido. Asimismo se informa que se est\u00e1 llevando adelante la construcci\u00f3n del Jard\u00edn de Infantes de La Esperanza encontr\u00e1ndose la obra en una etapa muy avanzada.<br \/>\nPor otro lado desde el Organismo de la Constituci\u00f3n se recepcionaron los pedidos y se comprometieron a llevar a cabo las Actuaciones correspondientes por ante el Ministerio de Desarrollo Humano puesto que el crecimiento de la densidad poblacional hace que estas Comunidades \u00fanicamente est\u00e9n recibiendo las visitas de los enfermeros y\/o del m\u00e9dico que dependen del Hospital de Posta Cambio Zalazar una vez al mes y se demanda su presencia cada quince d\u00edas o siete para un mejor control y seguimiento de la salud de los pobladores. Por ultimo en lo que respecta a los relevamientos para la construcci\u00f3n de futuras viviendas se insisti\u00f3 en este punto y en donde el Defensor del Pueblo fue claro en cuanto a la ausencia de financiamiento por parte del Gobierno Nacional para la construcci\u00f3n de las mismas en toda la provincia, donde la paralizaci\u00f3n y neutralizaci\u00f3n de presupuestos para esta materia no tiene un horizonte de posibilidades reales de concreci\u00f3n, por lo que el funcionario provincial se comprometi\u00f3 a efectuar los requerimientos pertinentes por ante el Ministerio del Interior, Obras P\u00fablicas y Vivienda a cargo del Ing. Rogelio Frigerio y por ante el Ministerio de Desarrollo Social que dirige la Dra. Carolina Stanley, no solamente para sus comunidades sino para otras ubicadas en distintos puntos de nuestra provincia, como as\u00ed tambi\u00e9n instar al Gobierno Nacional a que tenga una pol\u00edtica p\u00fablica federal en lo que respecta a quien otorgar viviendas puesto que la mayor\u00eda queda fuera de los sorteos por superar los $20.000 de ingreso familiar a lo que se le suma las limitaciones para la gesti\u00f3n de viviendas, obligando a las provincias a tener que concretar emprendimientos con fondos propios cuando el Estado Nacional posee la obligaci\u00f3n de girar los fondos necesarios para cubrir la gran demanda habitacional y no pretender que esta materia sea cubierta \u00fanicamente por cr\u00e9ditos UVA u otros a los que las clases sociales m\u00e1s vulnerables nunca tendr\u00e1n acceso.<\/p>\n","protected":false},"excerpt":{"rendered":"<p>Fueron recibidos en la sede de la Defensor\u00eda del Pueblo, el Presidente de la Comunidad de La Esperanza, Se\u00f1or Osvaldo Caballero, el Presidente de la Asociaci\u00f3n Civil de El Descanso, Daniel Tata y el Cacique Taqui Fern\u00e1ndez de la Comunidad de Pozo Molino, por el Defensor del Pueblo, la Adjunta Sylvina Portillo y el Asesor [&hellip;]<\/p>\n","protected":false},"author":1,"featured_media":7543,"comment_status":"closed","ping_status":"closed","sticky":false,"template":"","format":"standard","meta":{"footnotes":""},"categories":[4,1],"tags":[],"class_list":["post-7546","post","type-post","status-publish","format-standard","has-post-thumbnail","hentry","category-ddhh","category-noticias"],"_links":{"self":[{"href":"https:\/\/defensoriaformosa.gob.ar\/index.php?rest_route=\/wp\/v2\/posts\/7546","targetHints":{"allow":["GET"]}}],"collection":[{"href":"https:\/\/defensoriaformosa.gob.ar\/index.php?rest_route=\/wp\/v2\/posts"}],"about":[{"href":"https:\/\/defensoriaformosa.gob.ar\/index.php?rest_route=\/wp\/v2\/types\/post"}],"author":[{"embeddable":true,"href":"https:\/\/defensoriaformosa.gob.ar\/index.php?rest_route=\/wp\/v2\/users\/1"}],"replies":[{"embeddable":true,"href":"https:\/\/defensoriaformosa.gob.ar\/index.php?rest_route=%2Fwp%2Fv2%2Fcomments&post=7546"}],"version-history":[{"count":1,"href":"https:\/\/defensoriaformosa.gob.ar\/index.php?rest_route=\/wp\/v2\/posts\/7546\/revisions"}],"predecessor-version":[{"id":7547,"href":"https:\/\/defensoriaformosa.gob.ar\/index.php?rest_route=\/wp\/v2\/posts\/7546\/revisions\/7547"}],"wp:featuredmedia":[{"embeddable":true,"href":"https:\/\/defensoriaformosa.gob.ar\/index.php?rest_route=\/wp\/v2\/media\/7543"}],"wp:attachment":[{"href":"https:\/\/defensoriaformosa.gob.ar\/index.php?rest_route=%2Fwp%2Fv2%2Fmedia&parent=7546"}],"wp:term":[{"taxonomy":"category","embeddable":true,"href":"https:\/\/defensoriaformosa.gob.ar\/index.php?rest_route=%2Fwp%2Fv2%2Fcategories&post=7546"},{"taxonomy":"post_tag","embeddable":true,"href":"https:\/\/defensoriaformosa.gob.ar\/index.php?rest_route=%2Fwp%2Fv2%2Ftags&post=7546"}],"curies":[{"name":"wp","href":"https:\/\/api.w.org\/{rel}","templated":true}]}}