{"id":7499,"date":"2018-07-23T15:49:42","date_gmt":"2018-07-23T18:49:42","guid":{"rendered":"http:\/\/2015.defensoriaformosa.gob.ar\/?p=7499"},"modified":"2018-07-23T15:49:42","modified_gmt":"2018-07-23T18:49:42","slug":"solicito-la-defensoria-del-pueblo-a-la-municipalidad-de-comandante-fontana-clausure-dos-vaciaderos-altamente-contaminantes","status":"publish","type":"post","link":"https:\/\/defensoriaformosa.gob.ar\/?p=7499","title":{"rendered":"SOLICITO LA DEFENSORIA DEL PUEBLO A LA MUNICIPALIDAD DE COMANDANTE FONTANA CLAUSURE DOS VACIADEROS ALTAMENTE CONTAMINANTES"},"content":{"rendered":"<p><strong>Los vecinos de la localidad de Comandante Fontana vienen desde hace a\u00f1os soportando consecuencias y efectos negativos en su salud y ambiente como consecuencia de que la Municipalidad del lugar posee dos vaciaderos donde permanentemente se arrojan desechos de distintas clases y adem\u00e1s se produce a la quema de los mismos, encontr\u00e1ndose uno sobre la ruta provincial n\u00ba 25 frente al lote 20 y el otro frente a la EPET N\u00ba 324, donde hay ni\u00f1os que est\u00e1n padeciendo asma, bronquitis, neumon\u00eda y todos tienen que soportar los olores nauseabundos que se producen, invasiones de moscas, insectos y alima\u00f1as que recrean un foco infeccioso que no se detiene. <\/strong><\/p>\n<p><!--more--><\/p>\n<p>Los denunciantes documentadamente acreditaron por ante la Defensor\u00eda del Pueblo que hace m\u00e1s de siete a\u00f1os han realizado denuncias por ante el Municipio y otros estamentos, logrando en un momento que se clausurara uno de ellos pero en la actualidad el mismo se ha vuelto a habilitar y se contin\u00faan con las descargas de residuos y quemazones.<br \/>\nAnte este contexto el Ombudsman Provincial, Jos\u00e9 Leonardo Gialluca, se\u00f1alo que la presentaci\u00f3n de fotos, historias cl\u00ednicas y otras documentaciones, sumado a las manifestaciones de un centenar de vecinos , ha determinado que el Organismo de la Constituci\u00f3n solicite al actual Intendente Se\u00f1or Juan Carlos Jaquemin a que clausure los basurales antes mencionados, se proceda a la limpieza de la zona y se reubiquen los antes citados en una zona alejada de la poblaci\u00f3n, para lo cual se le sugiri\u00f3 pedir el asesoramiento t\u00e9cnico necesario al Ministerio de la Producci\u00f3n y Ambiente como as\u00ed tambi\u00e9n a la Subsecretaria de Recursos Naturales, Ordenamiento y Calidad Ambiental a cargo del Dr. Hugo Bay. El Defensor del Pueblo se\u00f1al\u00f3, \u201cque esta es una grav\u00edsima situaci\u00f3n que no es exclusiva del Municipio de Comandante Fontana, sino que se repite en todos aquellos que se encuentran sobre la Ruta Nacional N\u00ba 81 donde hemos podido constatar que antes y despu\u00e9s de cada localidad, a cielo abierto y sin ning\u00fan tratamiento se procede a arrojar irregularmente toda clase de residuos y ni hablemos de los contaminantes o peligrosos, los que deber\u00edan tener una disposici\u00f3n final que permita garantizar la salud de la poblaci\u00f3n y el ambiente. Si bien todo ello demanda recursos, que en la actualidad son escasos, instamos a gestionar los programas existentes en esta materia, como ya se han hecho en otros municipios y que es necesario que en todo el territorio provincial, \u201cla basura que genera la poblaci\u00f3n, los comercios, mataderos y otras actividades sean depositadas en lugares seguros para evitar cualquier efecto negativo como el que se viene produciendo actualmente\u201d.<\/p>\n","protected":false},"excerpt":{"rendered":"<p>Los vecinos de la localidad de Comandante Fontana vienen desde hace a\u00f1os soportando consecuencias y efectos negativos en su salud y ambiente como consecuencia de que la Municipalidad del lugar posee dos vaciaderos donde permanentemente se arrojan desechos de distintas clases y adem\u00e1s se produce a la quema de los mismos, encontr\u00e1ndose uno sobre la [&hellip;]<\/p>\n","protected":false},"author":1,"featured_media":7500,"comment_status":"closed","ping_status":"closed","sticky":false,"template":"","format":"standard","meta":{"footnotes":""},"categories":[5,1,6],"tags":[],"class_list":["post-7499","post","type-post","status-publish","format-standard","has-post-thumbnail","hentry","category-ambiente-y-desarrollo-sustentable","category-noticias","category-salud"],"_links":{"self":[{"href":"https:\/\/defensoriaformosa.gob.ar\/index.php?rest_route=\/wp\/v2\/posts\/7499","targetHints":{"allow":["GET"]}}],"collection":[{"href":"https:\/\/defensoriaformosa.gob.ar\/index.php?rest_route=\/wp\/v2\/posts"}],"about":[{"href":"https:\/\/defensoriaformosa.gob.ar\/index.php?rest_route=\/wp\/v2\/types\/post"}],"author":[{"embeddable":true,"href":"https:\/\/defensoriaformosa.gob.ar\/index.php?rest_route=\/wp\/v2\/users\/1"}],"replies":[{"embeddable":true,"href":"https:\/\/defensoriaformosa.gob.ar\/index.php?rest_route=%2Fwp%2Fv2%2Fcomments&post=7499"}],"version-history":[{"count":1,"href":"https:\/\/defensoriaformosa.gob.ar\/index.php?rest_route=\/wp\/v2\/posts\/7499\/revisions"}],"predecessor-version":[{"id":7501,"href":"https:\/\/defensoriaformosa.gob.ar\/index.php?rest_route=\/wp\/v2\/posts\/7499\/revisions\/7501"}],"wp:featuredmedia":[{"embeddable":true,"href":"https:\/\/defensoriaformosa.gob.ar\/index.php?rest_route=\/wp\/v2\/media\/7500"}],"wp:attachment":[{"href":"https:\/\/defensoriaformosa.gob.ar\/index.php?rest_route=%2Fwp%2Fv2%2Fmedia&parent=7499"}],"wp:term":[{"taxonomy":"category","embeddable":true,"href":"https:\/\/defensoriaformosa.gob.ar\/index.php?rest_route=%2Fwp%2Fv2%2Fcategories&post=7499"},{"taxonomy":"post_tag","embeddable":true,"href":"https:\/\/defensoriaformosa.gob.ar\/index.php?rest_route=%2Fwp%2Fv2%2Ftags&post=7499"}],"curies":[{"name":"wp","href":"https:\/\/api.w.org\/{rel}","templated":true}]}}