{"id":7490,"date":"2018-07-20T18:37:30","date_gmt":"2018-07-20T21:37:30","guid":{"rendered":"http:\/\/2015.defensoriaformosa.gob.ar\/?p=7490"},"modified":"2018-07-20T18:37:30","modified_gmt":"2018-07-20T21:37:30","slug":"la-defensoria-del-pueblo-denuncio-a-la-justicia-penal-corte-de-caminos-vecinales-y-de-la-ruta-provincial-no-39-en-el-departamento-bermejo","status":"publish","type":"post","link":"https:\/\/defensoriaformosa.gob.ar\/?p=7490","title":{"rendered":"LA DEFENSORIA DEL PUEBLO DENUNCIO A LA JUSTICIA PENAL  CORTE DE CAMINOS VECINALES Y DE LA RUTA PROVINCIAL N\u00ba 39 EN EL DEPARTAMENTO BERMEJO"},"content":{"rendered":"<p><strong>Como consecuencia del corte del camino vecinal N\u00ba 139 que conecta a Vaca Perdida con las distintas Localidades y Comunidades que las suceden, con la intersecci\u00f3n de la Ruta Provincial N\u00ba 39, en el Departamento Bermejo de nuestra provincia, hecho este protagonizado por integrantes de la Comunidad Aborigen de Sombrero Negro y donde los Originarios demandan inmediata iniciaci\u00f3n de las obras de un canal derivador de las aguas con una dimensi\u00f3n y profundidad adecuadas, teniendo en cuenta las \u00faltimas inundaciones que padecieran las citadas que habitan esa zona y al mismo tiempo que cuando se realicen los trabajos se les de participaci\u00f3n en la toma de decisiones como propietarios de las tierras, en consecuencia, desde la Defensor\u00eda del Pueblo se libraron las Actuaciones pertinentes dirigidas al Jefe de la Polic\u00eda de la Provincia, Comisario General Walter Rene Arroyo y al Ministro de Planificaci\u00f3n, Inversi\u00f3n, Obras y Servicios P\u00fablicos, C.P.N Daniel Malich, en este \u00faltimo caso para satisfacer las demandas que han originado este delito y restablecer as\u00ed el libre tr\u00e1nsito de ambulancias, camiones que transportan mercader\u00edas y otros veh\u00edculos que utilizan dichos caminos.<\/strong><\/p>\n<p><!--more--><\/p>\n<p>Al mismo tiempo el Defensor del Pueblo, Dr. Jos\u00e9 Leonardo Gialluca inform\u00f3 que se present\u00f3 una denuncia penal con Habilitaci\u00f3n de Feria por ante el Juez de Instrucci\u00f3n y Correccional Civil y Comercial del Trabajo y de Menores de Feria de la Tercera Circunscripci\u00f3n Judicial, Dr. Francisco Orella, en orden al delito previsto en el art\u00edculo 194 del C.P.A , solicit\u00e1ndose la adopci\u00f3n de medidas urgentes para restablecer el ejercicio del derecho al libre tr\u00e1nsito, evitar que el accionar de los citados pongan en peligro la vida, integridad psicof\u00edsica e intereses econ\u00f3micos y patrimonio de las personas que circulan por la zona, individualizar a los part\u00edcipes materiales e intelectuales del hecho denunciado, determin\u00e1ndose su responsabilidad penal y eventualmente aplicar las penas previstas por la normativa vigente; toda vez que nada justifica una medida de hecho como la que est\u00e1n llevando a cabo.<\/p>\n","protected":false},"excerpt":{"rendered":"<p>Como consecuencia del corte del camino vecinal N\u00ba 139 que conecta a Vaca Perdida con las distintas Localidades y Comunidades que las suceden, con la intersecci\u00f3n de la Ruta Provincial N\u00ba 39, en el Departamento Bermejo de nuestra provincia, hecho este protagonizado por integrantes de la Comunidad Aborigen de Sombrero Negro y donde los Originarios [&hellip;]<\/p>\n","protected":false},"author":1,"featured_media":7491,"comment_status":"closed","ping_status":"closed","sticky":false,"template":"","format":"standard","meta":{"footnotes":""},"categories":[1,7],"tags":[],"class_list":["post-7490","post","type-post","status-publish","format-standard","has-post-thumbnail","hentry","category-noticias","category-seguridad-vial"],"_links":{"self":[{"href":"https:\/\/defensoriaformosa.gob.ar\/index.php?rest_route=\/wp\/v2\/posts\/7490","targetHints":{"allow":["GET"]}}],"collection":[{"href":"https:\/\/defensoriaformosa.gob.ar\/index.php?rest_route=\/wp\/v2\/posts"}],"about":[{"href":"https:\/\/defensoriaformosa.gob.ar\/index.php?rest_route=\/wp\/v2\/types\/post"}],"author":[{"embeddable":true,"href":"https:\/\/defensoriaformosa.gob.ar\/index.php?rest_route=\/wp\/v2\/users\/1"}],"replies":[{"embeddable":true,"href":"https:\/\/defensoriaformosa.gob.ar\/index.php?rest_route=%2Fwp%2Fv2%2Fcomments&post=7490"}],"version-history":[{"count":1,"href":"https:\/\/defensoriaformosa.gob.ar\/index.php?rest_route=\/wp\/v2\/posts\/7490\/revisions"}],"predecessor-version":[{"id":7492,"href":"https:\/\/defensoriaformosa.gob.ar\/index.php?rest_route=\/wp\/v2\/posts\/7490\/revisions\/7492"}],"wp:featuredmedia":[{"embeddable":true,"href":"https:\/\/defensoriaformosa.gob.ar\/index.php?rest_route=\/wp\/v2\/media\/7491"}],"wp:attachment":[{"href":"https:\/\/defensoriaformosa.gob.ar\/index.php?rest_route=%2Fwp%2Fv2%2Fmedia&parent=7490"}],"wp:term":[{"taxonomy":"category","embeddable":true,"href":"https:\/\/defensoriaformosa.gob.ar\/index.php?rest_route=%2Fwp%2Fv2%2Fcategories&post=7490"},{"taxonomy":"post_tag","embeddable":true,"href":"https:\/\/defensoriaformosa.gob.ar\/index.php?rest_route=%2Fwp%2Fv2%2Ftags&post=7490"}],"curies":[{"name":"wp","href":"https:\/\/api.w.org\/{rel}","templated":true}]}}