{"id":7433,"date":"2018-07-04T16:22:50","date_gmt":"2018-07-04T19:22:50","guid":{"rendered":"http:\/\/2015.defensoriaformosa.gob.ar\/?p=7433"},"modified":"2018-07-04T16:22:50","modified_gmt":"2018-07-04T19:22:50","slug":"se-solicito-urgente-intervencion-del-ministro-de-la-produccion-y-de-agroindustria-para-detener-los-intolerables-aumentos-en-los-precios-de-los-alimentos-y-de-los-productos-de-higiene-personal","status":"publish","type":"post","link":"https:\/\/defensoriaformosa.gob.ar\/?p=7433","title":{"rendered":"SE SOLICITO URGENTE INTERVENCION DEL MINISTRO DE LA PRODUCCION Y DE AGROINDUSTRIA PARA DETENER LOS INTOLERABLES AUMENTOS EN LOS PRECIOS DE LOS ALIMENTOS Y DE LOS PRODUCTOS DE HIGIENE PERSONAL"},"content":{"rendered":"<p><strong>Desde la Defensor\u00eda del Pueblo de la Provincia de Formosa, se solicit\u00f3 formalmente y con car\u00e1cter de urgente al Ministro de la Producci\u00f3n de Naci\u00f3n, Lic. Dante Sica, al de Agroindustria, Luis Miguel Etchevehere y al Secretario de Comercio, Miguel Braun, que frente a los resultados obtenidos de un relevamiento llevado a cabo en nuestro mercado local y de donde surge que en el \u00faltimo mes se ha producido y se profundiza una baja en el consumo originado por las fuertes alzas de los precios de los productos consecuencia del aumento del d\u00f3lar, combustibles, transporte y otras variantes, requerimos Institucionalmente en nombre y representaci\u00f3n de la universalidad de consumidores de nuestra jurisdicci\u00f3n, que se disminuya la fuerte presi\u00f3n fiscal que se encuentra por encima del 40% para los alimentos de consumo masivo y mayor al 50% para las bebidas, lo que no permite que los consumidores puedan adquirir lo que necesitan y los comercios y las Pymes deben lidiar no solamente con la competencia desleal, sino que principalmente todos esperamos que se pueda dominar la inflaci\u00f3n que ya se est\u00e1 calculando para lo que va del corriente a\u00f1o en un porcentaje superior al 30%; el cual no tiene ninguna relaci\u00f3n con los bajos salarios existentes y no hablamos aun de los jubilados, pensionados, tampoco de los desocupados y cuentapropistas, sectores estos \u00faltimos que el Estado Nacional margina y los excluye de un sistema de gran exclusi\u00f3n.<\/strong><\/p>\n<p><!--more--><\/p>\n<p>Los datos aportados por el Organismo de la Constituci\u00f3n, son los siguientes: en las \u00faltimas tres semanas todo lo que sea fideos y pastas secas, subieron un 23%, el aceite un 16%, los quesos un 12%, gaseosas, 11%, yerba 9%, mayonesa 10%, manteca 8%, a esto se le agrego que todos los productos de higiene personal y limpieza han aumentado un 30% y esto est\u00e1 confirmando que el precio del d\u00f3lar est\u00e1 influyendo en los valores de los alimentos y ello no significa, desde hace rato, una buena noticia, pues muchas familias ingresan d\u00eda a d\u00eda a los sectores con mayores necesidades y ya ni siquiera las terceras marcas se salvan de los incrementos y la gente compra poco y lo que puede, para el d\u00eda y va cada vez m\u00e1s aliment\u00e1ndose de manera deficiente.<br \/>\nEl Ombudsman Provincial, Dr. Jos\u00e9 Leonardo Gialluca, denuncio que en t\u00e9rminos de estratos sociales, podemos observar que los hogares de menores recursos -bajo superior y bajo inferior-, son los que m\u00e1s sintieron el impacto en los \u00faltimos d\u00edas, ya que la aceleraci\u00f3n de la inflaci\u00f3n en los \u00faltimos meses con la consecuente p\u00e9rdida de salario real y, los precios de la canasta -que pasaron de una variaci\u00f3n interanual de un 17% al cierre 2017, a una de un 21% en mayo pasado- \u00abson los motivos de la ca\u00edda del consumo masivo en los hogares de menores recursos\u00bb, lo que se ha agravado en el mes de junio y lo que va de julio sin que podamos los consumidores tener ninguna posibilidad de certeza acerca de lo que va a suceder o cual ser\u00e1 el techo de los precios de los alimentos, m\u00e1xime en provincias alejadas de los grandes centros de producci\u00f3n donde el \u00edtems transporte aumenta el valor de las mercader\u00edas considerablemente. As\u00ed las cosas, con una entrada que rinde menos, los hogares de bajos ingresos restringieron sus visitas a los centros de abastecimiento, dejaron de hacer compras mayores que implican m\u00e1s desembolsos en mayoristas o supermercados, y volvieron al almac\u00e9n de barrio, que les permite controlar mejor su gasto y desembolsar una suma menor de dinero por cada acto de compra.<\/p>\n<p>&nbsp;<\/p>\n","protected":false},"excerpt":{"rendered":"<p>Desde la Defensor\u00eda del Pueblo de la Provincia de Formosa, se solicit\u00f3 formalmente y con car\u00e1cter de urgente al Ministro de la Producci\u00f3n de Naci\u00f3n, Lic. Dante Sica, al de Agroindustria, Luis Miguel Etchevehere y al Secretario de Comercio, Miguel Braun, que frente a los resultados obtenidos de un relevamiento llevado a cabo en nuestro [&hellip;]<\/p>\n","protected":false},"author":1,"featured_media":6340,"comment_status":"closed","ping_status":"closed","sticky":false,"template":"","format":"standard","meta":{"footnotes":""},"categories":[1,3],"tags":[],"class_list":["post-7433","post","type-post","status-publish","format-standard","has-post-thumbnail","hentry","category-noticias","category-defensa-de-los-derechos-del-usuario-consumidor-contribuyentes"],"_links":{"self":[{"href":"https:\/\/defensoriaformosa.gob.ar\/index.php?rest_route=\/wp\/v2\/posts\/7433","targetHints":{"allow":["GET"]}}],"collection":[{"href":"https:\/\/defensoriaformosa.gob.ar\/index.php?rest_route=\/wp\/v2\/posts"}],"about":[{"href":"https:\/\/defensoriaformosa.gob.ar\/index.php?rest_route=\/wp\/v2\/types\/post"}],"author":[{"embeddable":true,"href":"https:\/\/defensoriaformosa.gob.ar\/index.php?rest_route=\/wp\/v2\/users\/1"}],"replies":[{"embeddable":true,"href":"https:\/\/defensoriaformosa.gob.ar\/index.php?rest_route=%2Fwp%2Fv2%2Fcomments&post=7433"}],"version-history":[{"count":1,"href":"https:\/\/defensoriaformosa.gob.ar\/index.php?rest_route=\/wp\/v2\/posts\/7433\/revisions"}],"predecessor-version":[{"id":7434,"href":"https:\/\/defensoriaformosa.gob.ar\/index.php?rest_route=\/wp\/v2\/posts\/7433\/revisions\/7434"}],"wp:featuredmedia":[{"embeddable":true,"href":"https:\/\/defensoriaformosa.gob.ar\/index.php?rest_route=\/wp\/v2\/media\/6340"}],"wp:attachment":[{"href":"https:\/\/defensoriaformosa.gob.ar\/index.php?rest_route=%2Fwp%2Fv2%2Fmedia&parent=7433"}],"wp:term":[{"taxonomy":"category","embeddable":true,"href":"https:\/\/defensoriaformosa.gob.ar\/index.php?rest_route=%2Fwp%2Fv2%2Fcategories&post=7433"},{"taxonomy":"post_tag","embeddable":true,"href":"https:\/\/defensoriaformosa.gob.ar\/index.php?rest_route=%2Fwp%2Fv2%2Ftags&post=7433"}],"curies":[{"name":"wp","href":"https:\/\/api.w.org\/{rel}","templated":true}]}}