{"id":7401,"date":"2018-06-26T19:55:21","date_gmt":"2018-06-26T22:55:21","guid":{"rendered":"http:\/\/2015.defensoriaformosa.gob.ar\/?p=7401"},"modified":"2018-06-26T19:55:21","modified_gmt":"2018-06-26T22:55:21","slug":"afirmo-la-defensoria-del-pueblo-que-nuevamente-se-esta-perjudicando-a-los-usuarios-del-transporte-publico-de-pasajeros","status":"publish","type":"post","link":"https:\/\/defensoriaformosa.gob.ar\/?p=7401","title":{"rendered":"AFIRMO LA DEFENSORIA DEL PUEBLO QUE NUEVAMENTE SE ESTA PERJUDICANDO A LOS USUARIOS DEL TRANSPORTE PUBLICO DE PASAJEROS"},"content":{"rendered":"<p><strong>Frente a las quejas y reclamos de usuarios del transporte p\u00fablico de pasajeros que en nuestro medio presta actualmente la Empresa Crucero del Sur, y donde desde hace d\u00edas no est\u00e1n funcionando al 100% las unidades afectadas a las diferentes l\u00edneas, desde la Defensor\u00eda del Pueblo de la Provincia de Formosa se solicit\u00f3 una serie de informes documentados tanto a la Subsecretaria de Transporte y Emergencia de la Municipalidad de Formosa a cargo del Dr. Jos\u00e9 Olmedo, como al actual Gerente de la Empresa Crucero del Sur, para que en el plazo de 24 horas nos ilustren sobre la cantidad de unidades que realmente est\u00e1n prestando servicios y los motivos o causas de las afectaciones en las frecuencias que perjudican a los usuarios.<\/strong><\/p>\n<p><!--more--><br \/>\nEl Ombudsman Provincial, Jos\u00e9 Leonardo Gialluca se\u00f1al\u00f3 que en nombre y representaci\u00f3n de los usuarios, \u201cno queremos ning\u00fan tipo de excusas ni de parte de la empresa, ni de parte de algunos pseudos sectores gremiales\u201d, pues la verdad es que ya estamos cansados de que por conflictos externos, los vecinos de los distintos barrios de Formosa pasen largas horas esperando un colectivo en las diferentes paradas existentes en nuestra ciudad.<br \/>\nEl funcionario provincial se\u00f1alo que es hora de que las \u00e1reas competentes del Estado Provincial, apliquen las medidas correspondientes; que la empresa denuncie a quienes impiden la prestaci\u00f3n de un servicio p\u00fablico esencial y que el Municipio aplique mediante su Poder de Polic\u00eda, las sanciones que correspondan y adopte las acciones que lleven a un pleno funcionamiento del transporte urbano de pasajeros.<br \/>\nEl Defensor del Pueblo denunci\u00f3 que debemos entender que estamos hablando de un servicio p\u00fablico que debe ser esencial porque es estrat\u00e9gico para asegurar el cumplimiento de cuestiones m\u00ednimas y b\u00e1sicas para desarrollar la vida cotidiana. En este sentido, se pregunt\u00f3 \u201cc\u00f3mo hacen las personas para asistir a sus trabajos, c\u00f3mo hacen para trasladarse a centros m\u00e9dicos, c\u00f3mo hacen los chicos para ir a la escuela\u201d. En definitiva, los que m\u00e1s sufren las irregularidades son los sectores populares, porque no cuentan con otro medio de trasporte m\u00e1s que el servicio p\u00fablico. Todos estos puntos enumerados no les interesa a los gremialistas y por ello es que con los resultados de los informes que hemos pedido, acudiremos a la justicia para que coloque las cosas en su lugar; \u201cporque con el transporte p\u00fablico en Formosa los que siempre est\u00e1n perdiendo son los usuarios, los pasajeros, los trabajadores, que no tienen el modo de pagar un remis y que necesitan a los colectivos para ir a trabajar y si no pregunten qu\u00e9 est\u00e1 pasando con las personas que deben cuidar adultos mayores o son empleadas dom\u00e9sticas o cuidan enfermos o con los estudiantes, obreros de la construcci\u00f3n, empleados de comercio, quienes deambulan en una gran incertidumbre, de la cual no son responsables sino v\u00edctimas, pues pagan cada vez que utilizan el servicio y el Estado y la Empresa deben garantizar la regularidad las 24 horas del d\u00eda y los 365 d\u00edas del a\u00f1o y tener la responsabilidad de hacer en el menor tiempo material posible lo que corresponde para que la prestaci\u00f3n del transporte p\u00fablico se normalice de una vez por todas\u201d.<\/p>\n","protected":false},"excerpt":{"rendered":"<p>Frente a las quejas y reclamos de usuarios del transporte p\u00fablico de pasajeros que en nuestro medio presta actualmente la Empresa Crucero del Sur, y donde desde hace d\u00edas no est\u00e1n funcionando al 100% las unidades afectadas a las diferentes l\u00edneas, desde la Defensor\u00eda del Pueblo de la Provincia de Formosa se solicit\u00f3 una serie [&hellip;]<\/p>\n","protected":false},"author":1,"featured_media":7402,"comment_status":"closed","ping_status":"closed","sticky":false,"template":"","format":"standard","meta":{"footnotes":""},"categories":[1,7,3],"tags":[],"class_list":["post-7401","post","type-post","status-publish","format-standard","has-post-thumbnail","hentry","category-noticias","category-seguridad-vial","category-defensa-de-los-derechos-del-usuario-consumidor-contribuyentes"],"_links":{"self":[{"href":"https:\/\/defensoriaformosa.gob.ar\/index.php?rest_route=\/wp\/v2\/posts\/7401","targetHints":{"allow":["GET"]}}],"collection":[{"href":"https:\/\/defensoriaformosa.gob.ar\/index.php?rest_route=\/wp\/v2\/posts"}],"about":[{"href":"https:\/\/defensoriaformosa.gob.ar\/index.php?rest_route=\/wp\/v2\/types\/post"}],"author":[{"embeddable":true,"href":"https:\/\/defensoriaformosa.gob.ar\/index.php?rest_route=\/wp\/v2\/users\/1"}],"replies":[{"embeddable":true,"href":"https:\/\/defensoriaformosa.gob.ar\/index.php?rest_route=%2Fwp%2Fv2%2Fcomments&post=7401"}],"version-history":[{"count":1,"href":"https:\/\/defensoriaformosa.gob.ar\/index.php?rest_route=\/wp\/v2\/posts\/7401\/revisions"}],"predecessor-version":[{"id":7403,"href":"https:\/\/defensoriaformosa.gob.ar\/index.php?rest_route=\/wp\/v2\/posts\/7401\/revisions\/7403"}],"wp:featuredmedia":[{"embeddable":true,"href":"https:\/\/defensoriaformosa.gob.ar\/index.php?rest_route=\/wp\/v2\/media\/7402"}],"wp:attachment":[{"href":"https:\/\/defensoriaformosa.gob.ar\/index.php?rest_route=%2Fwp%2Fv2%2Fmedia&parent=7401"}],"wp:term":[{"taxonomy":"category","embeddable":true,"href":"https:\/\/defensoriaformosa.gob.ar\/index.php?rest_route=%2Fwp%2Fv2%2Fcategories&post=7401"},{"taxonomy":"post_tag","embeddable":true,"href":"https:\/\/defensoriaformosa.gob.ar\/index.php?rest_route=%2Fwp%2Fv2%2Ftags&post=7401"}],"curies":[{"name":"wp","href":"https:\/\/api.w.org\/{rel}","templated":true}]}}