{"id":74,"date":"2014-12-25T21:25:19","date_gmt":"2014-12-26T00:25:19","guid":{"rendered":"http:\/\/2015.defensoriaformosa.gob.ar\/?p=74"},"modified":"2014-12-25T21:26:31","modified_gmt":"2014-12-26T00:26:31","slug":"altamente-positiva-calificaron-a-la-campana-pirotecnia-cero-en-nuestra-provincia","status":"publish","type":"post","link":"https:\/\/defensoriaformosa.gob.ar\/?p=74","title":{"rendered":"ALTAMENTE POSITIVA CALIFICARON A LA \u201cCAMPA\u00d1A PIROTECNIA CERO\u201d EN NUESTRA PROVINCIA"},"content":{"rendered":"<p><em><strong>\u201cEn nuestra ciudad capital reportaron a una sola persona herida leve por pirotecnia\u201d<\/strong><\/em><\/p>\n<p style=\"text-align: justify;\"><strong>Expresaron desde la Defensor\u00eda del Pueblo, que la Campa\u00f1a Pirotecnia Cero , ha sido todo un \u00e9xito , en nuestra Comunidad , si tenemos en cuenta los resultados que en un principio nos proporcionara el Director del Hospital Central Dr. Victor Cambra en cuanto al ingreso el d\u00eda 25 de diciembre del corriente a\u00f1o de una sola persona con da\u00f1os leves productos del mal uso de la pirotecnia. Una mujer de aproximadamente 42 a\u00f1os tuvo lesione en distintas zonas del cuerpo y hasta ahora no nos han reportado otros ciudadanos damnificados.<\/strong><\/p>\n<p><!--more--><\/p>\n<p style=\"text-align: justify;\">Este es el resultado de un trabajo mancomunado dijo el Defensor del Pueblo Dr. Jos\u00e9 Leonardo Gialluca , quien elogio la tarea de la Direcci\u00f3n de Bromatolog\u00eda , Higiene y Comercializaci\u00f3n de la Municipalidad de Formosa, junto a la del Cuerpo de Bomberos de la Polic\u00eda de la Provincia, adem\u00e1s del Ministerio de Educaci\u00f3n y de las Asociaciones Protectoras de Animales , que entre todos hemos podido concientizar a toda nuestra sociedad sobre los peligros que acarrea la pirotecnia y por ello continuaremos trabajando en lo que queda del a\u00f1o con la misma finalidad.<\/p>\n<p style=\"text-align: justify;\">Se resalto la casi nula utilizaci\u00f3n de los llamados globos aerost\u00e1ticos o chinos donde gracias al pedido de todas las Areas antes nombradas , la Direcci\u00f3n de Comercio a caro del Sr. Miguel Cosensa dicto la Resoluci\u00f3n correspondiente, prohibiendo su uso y a pesar de las criticas , el objetivo no estaba en el ruido que estos globos que no est\u00e1n contemplados en nuestra legislaci\u00f3n no ocasionan, el peligro radica en los distintos incendios y uno de ellos tuvo que producirse lamentablemente en la Provincia de Buenos Aires de gran magnitud , por eso proseguiremos con esta misma tem\u00e1tica de trabajo tambien para las fiestas de a\u00f1o nuevo .<\/p>\n<p style=\"text-align: justify;\">En relaci\u00f3n a las fiestas denominadas Privadas o Clandestinas, el Ombudsman Provincial aseguro que , pudimos junto a la Polic\u00eda de la Provincia desbaratar una de ellas en la zona de Villa del Carmen fuera del ejido urbano , donde lamentamos los inconvenientes y perjuicios econ\u00f3micos que terceros han debido soportar , pero lo que no est\u00e1 dentro de la ley no ser\u00e1 permitido y estos organizadores no ten\u00edan ning\u00fan tipo de autorizaci\u00f3n , verificamos en el predio cajas registradoras, una gran laguna , cables el\u00e9ctricas pelados en el piso , grandes estructuras montadas, con un camino de acceso altamente peligroso , donde no entraban dos veh\u00edculos , no ten\u00edan ambulancia ni seguridad por lo que los mismos Organizadores dejaron sin efecto , la misma un vez labradas todas las Actuaciones Policiales correspondientes.<\/p>\n<p style=\"text-align: justify;\">No obstante el Defensor del Pueblo , coincidi\u00f3 con del Director de Bromatolog\u00eda, Higiene y Comercializaci\u00f3n Lic. Guillermo Romero , en que esto se dio a su vez en la calle Fontana al 400 y reincidiendo nuevamente en Padre Pati\u00f1o al 1800, y es por ello que nos reuniremos para evaluar esta cuesti\u00f3n de las \u201cFiestas Privadas o Clandestinas\u201d que son un peligro para los menores de edad y para toda la Sociedad , as\u00ed que adelanto el funcionario que habr\u00e1 novedades sobre la materia , en beneficio de resguardar la integridad psicof\u00edsica de toda la Comunidad que quiera divertirse sanamente , pero siempre en lugares habilitados con las garant\u00edas suficientes y necesarias y no en lugar clandestinos que contrar\u00edan la ley .<\/p>\n<figure id=\"attachment_75\" aria-describedby=\"caption-attachment-75\" style=\"width: 300px\" class=\"wp-caption aligncenter\"><img loading=\"lazy\" decoding=\"async\" class=\"wp-image-75 size-medium\" src=\"https:\/\/2015.defensoriaformosa.gob.ar\/wp-content\/uploads\/2014\/12\/fiesta-privada-300x225.jpg\" alt=\"fiesta privada\" width=\"300\" height=\"225\" srcset=\"https:\/\/defensoriaformosa.gob.ar\/wp-content\/uploads\/2014\/12\/fiesta-privada-300x225.jpg 300w, https:\/\/defensoriaformosa.gob.ar\/wp-content\/uploads\/2014\/12\/fiesta-privada.jpg 400w\" sizes=\"auto, (max-width: 300px) 100vw, 300px\" \/><figcaption id=\"caption-attachment-75\" class=\"wp-caption-text\">Las \u201cFiestas Privadas o Clandestinas\u201d son un peligro para los menores de edad y para toda la Sociedad.<\/figcaption><\/figure>\n<p style=\"text-align: center;\">\n","protected":false},"excerpt":{"rendered":"<p>\u201cEn nuestra ciudad capital reportaron a una sola persona herida leve por pirotecnia\u201d Expresaron desde la Defensor\u00eda del Pueblo, que la Campa\u00f1a Pirotecnia Cero , ha sido todo un \u00e9xito , en nuestra Comunidad , si tenemos en cuenta los resultados que en un principio nos proporcionara el Director del Hospital Central Dr. Victor Cambra [&hellip;]<\/p>\n","protected":false},"author":1,"featured_media":76,"comment_status":"closed","ping_status":"closed","sticky":false,"template":"","format":"standard","meta":{"footnotes":""},"categories":[1],"tags":[],"class_list":["post-74","post","type-post","status-publish","format-standard","has-post-thumbnail","hentry","category-noticias"],"_links":{"self":[{"href":"https:\/\/defensoriaformosa.gob.ar\/index.php?rest_route=\/wp\/v2\/posts\/74","targetHints":{"allow":["GET"]}}],"collection":[{"href":"https:\/\/defensoriaformosa.gob.ar\/index.php?rest_route=\/wp\/v2\/posts"}],"about":[{"href":"https:\/\/defensoriaformosa.gob.ar\/index.php?rest_route=\/wp\/v2\/types\/post"}],"author":[{"embeddable":true,"href":"https:\/\/defensoriaformosa.gob.ar\/index.php?rest_route=\/wp\/v2\/users\/1"}],"replies":[{"embeddable":true,"href":"https:\/\/defensoriaformosa.gob.ar\/index.php?rest_route=%2Fwp%2Fv2%2Fcomments&post=74"}],"version-history":[{"count":3,"href":"https:\/\/defensoriaformosa.gob.ar\/index.php?rest_route=\/wp\/v2\/posts\/74\/revisions"}],"predecessor-version":[{"id":79,"href":"https:\/\/defensoriaformosa.gob.ar\/index.php?rest_route=\/wp\/v2\/posts\/74\/revisions\/79"}],"wp:featuredmedia":[{"embeddable":true,"href":"https:\/\/defensoriaformosa.gob.ar\/index.php?rest_route=\/wp\/v2\/media\/76"}],"wp:attachment":[{"href":"https:\/\/defensoriaformosa.gob.ar\/index.php?rest_route=%2Fwp%2Fv2%2Fmedia&parent=74"}],"wp:term":[{"taxonomy":"category","embeddable":true,"href":"https:\/\/defensoriaformosa.gob.ar\/index.php?rest_route=%2Fwp%2Fv2%2Fcategories&post=74"},{"taxonomy":"post_tag","embeddable":true,"href":"https:\/\/defensoriaformosa.gob.ar\/index.php?rest_route=%2Fwp%2Fv2%2Ftags&post=74"}],"curies":[{"name":"wp","href":"https:\/\/api.w.org\/{rel}","templated":true}]}}