{"id":7396,"date":"2018-06-25T14:43:23","date_gmt":"2018-06-25T17:43:23","guid":{"rendered":"http:\/\/2015.defensoriaformosa.gob.ar\/?p=7396"},"modified":"2018-06-25T14:43:23","modified_gmt":"2018-06-25T17:43:23","slug":"afirmo-la-defensoria-del-pueblo-que-el-paro-nacional-en-formosa-tuvo-una-alta-adhesion-y-que-la-gente-demanda-la-falta-de-un-plan-economico","status":"publish","type":"post","link":"https:\/\/defensoriaformosa.gob.ar\/?p=7396","title":{"rendered":"AFIRMO LA DEFENSORIA DEL PUEBLO QUE EL PARO NACIONAL EN FORMOSA TUVO UNA ALTA ADHESION Y QUE LA GENTE DEMANDA LA FALTA DE UN PLAN ECONOMICO"},"content":{"rendered":"<p><strong>En la provincia de Formosa se pudo observar un fuerte acatamiento al paro nacional pr\u00e1cticamente en todos los sectores pasando por el bancario, poder judicial, comercios, transporte p\u00fablico, educaci\u00f3n p\u00fablica, empresas de servicios p\u00fablicos que trabajaron con guardias m\u00ednimas, organismos nacionales en nuestra jurisdicci\u00f3n, municipios en sus diversas actividades, \u00e1reas del empleo p\u00fablico, transporte de cargas, universidad nacional y otros sectores que comenzaron a demostrar desde la hora cero del d\u00eda lunes, que los usuarios, consumidores y ciudadanos en general, se oponen principalmente a la falta de un plan econ\u00f3mico en nuestro pa\u00eds, a la alta inflaci\u00f3n, a la suba de tarifas, de los medicamentos, combustibles y la contracara es la ca\u00edda del salario real de quienes tienen el privilegio de poseer un trabajo, como tambi\u00e9n el crecimiento de la deuda p\u00fablica, la desaparici\u00f3n de la obra p\u00fablica en nuestra provincia, todo lo que constituye un gran ajuste del Gobierno Nacional que se profundiza cuanto aumenta el d\u00f3lar ya que ah\u00ed se favorece a las exportaciones pero a su vez se perjudica al consumo, a los salarios y a las Pymes.<\/strong><\/p>\n<p><!--more--><\/p>\n<p>Desde la Defensor\u00eda del Pueblo se denunci\u00f3 adem\u00e1s la falta de federalismo del Gobierno Nacional, \u201cpues cuando caen los salarios y el consumo, la econom\u00eda no crece y menos las regionales, puesto que las inversiones van donde hay mayor consumo y rentabilidad y cuando se recurre a las apuradas a la FMI sin un plan econ\u00f3mico local que comprometa a los empresarios y que no castigue a los sectores sociales m\u00e1s vulnerables de nuestra comunidad, no hay otra manera de oponerse que no sea a trav\u00e9s de medidas como las que estamos viviendo y que representan el cansancio de los usuarios y consumidores puesto que desde hace m\u00e1s de dos a\u00f1os que venimos esperando un cambio para bien y lo \u00fanico que tenemos es una ayuda financiera de un organismo internacional, cuya contrapartida se traduce en m\u00e1s ajuste hacia la gente, hacia los sectores de la salud, la educaci\u00f3n, el empleo, la producci\u00f3n y las econom\u00edas regionales\u201d. El Ombudsman Provincial, Jos\u00e9 Leonardo Gialluca, se\u00f1alo que se le contin\u00faa pidiendo mayores sacrificios a los trabajadores y a los sectores de bajos recursos y se avanza con las reformas que piden los organismos internacionales y as\u00ed queda muy claro que la reciente reclasificaci\u00f3n de mercado fronterizo a emergente demand\u00f3 entre otras cosas como prenda de cambio la reforma de la Ley de Mercado de Capitales y adem\u00e1s se blanque\u00f3 la actividad de la \u201cbanca privada\u201d cuyos objetivos sabemos que es facilitar la evasi\u00f3n fiscal y otros delitos abri\u00e9ndose la puerta a la autorregulaci\u00f3n de los mercados y con ello se permiten operaciones especulativas, \u201ccuando a los consumidores que continuamos con los mismos ingresos en pesos devaluados; con alimentos dolarizados no nos interesa con que pa\u00edses nos -codeamos- sino que lo que demandamos es que exista una protecci\u00f3n a nuestras Pymes y que se pongan en pr\u00e1ctica un conjunto de programas y proyectos p\u00fablicos que tengan por objetivo alcanzar metas econ\u00f3micas y sociales en un periodo determinado, coordin\u00e1ndolo siempre con todos los sectores econ\u00f3micos puesto que si no existe un verdadero dialogo, las discusiones continuar\u00e1n y ser\u00e1n infinitas, entre tanto aumentar\u00e1n los \u00edndices de desempleo, pobreza, indigencia y desigualdad.<\/p>\n","protected":false},"excerpt":{"rendered":"<p>En la provincia de Formosa se pudo observar un fuerte acatamiento al paro nacional pr\u00e1cticamente en todos los sectores pasando por el bancario, poder judicial, comercios, transporte p\u00fablico, educaci\u00f3n p\u00fablica, empresas de servicios p\u00fablicos que trabajaron con guardias m\u00ednimas, organismos nacionales en nuestra jurisdicci\u00f3n, municipios en sus diversas actividades, \u00e1reas del empleo p\u00fablico, transporte de [&hellip;]<\/p>\n","protected":false},"author":1,"featured_media":5791,"comment_status":"closed","ping_status":"closed","sticky":false,"template":"","format":"standard","meta":{"footnotes":""},"categories":[1,3],"tags":[],"class_list":["post-7396","post","type-post","status-publish","format-standard","has-post-thumbnail","hentry","category-noticias","category-defensa-de-los-derechos-del-usuario-consumidor-contribuyentes"],"_links":{"self":[{"href":"https:\/\/defensoriaformosa.gob.ar\/index.php?rest_route=\/wp\/v2\/posts\/7396","targetHints":{"allow":["GET"]}}],"collection":[{"href":"https:\/\/defensoriaformosa.gob.ar\/index.php?rest_route=\/wp\/v2\/posts"}],"about":[{"href":"https:\/\/defensoriaformosa.gob.ar\/index.php?rest_route=\/wp\/v2\/types\/post"}],"author":[{"embeddable":true,"href":"https:\/\/defensoriaformosa.gob.ar\/index.php?rest_route=\/wp\/v2\/users\/1"}],"replies":[{"embeddable":true,"href":"https:\/\/defensoriaformosa.gob.ar\/index.php?rest_route=%2Fwp%2Fv2%2Fcomments&post=7396"}],"version-history":[{"count":1,"href":"https:\/\/defensoriaformosa.gob.ar\/index.php?rest_route=\/wp\/v2\/posts\/7396\/revisions"}],"predecessor-version":[{"id":7397,"href":"https:\/\/defensoriaformosa.gob.ar\/index.php?rest_route=\/wp\/v2\/posts\/7396\/revisions\/7397"}],"wp:featuredmedia":[{"embeddable":true,"href":"https:\/\/defensoriaformosa.gob.ar\/index.php?rest_route=\/wp\/v2\/media\/5791"}],"wp:attachment":[{"href":"https:\/\/defensoriaformosa.gob.ar\/index.php?rest_route=%2Fwp%2Fv2%2Fmedia&parent=7396"}],"wp:term":[{"taxonomy":"category","embeddable":true,"href":"https:\/\/defensoriaformosa.gob.ar\/index.php?rest_route=%2Fwp%2Fv2%2Fcategories&post=7396"},{"taxonomy":"post_tag","embeddable":true,"href":"https:\/\/defensoriaformosa.gob.ar\/index.php?rest_route=%2Fwp%2Fv2%2Ftags&post=7396"}],"curies":[{"name":"wp","href":"https:\/\/api.w.org\/{rel}","templated":true}]}}